{"id":2202,"date":"2019-03-22T12:56:39","date_gmt":"2019-03-22T11:56:39","guid":{"rendered":"http:\/\/agora.xtec.cat\/iesvinyet\/?p=2202"},"modified":"2019-03-26T11:27:25","modified_gmt":"2019-03-26T10:27:25","slug":"campanya-reciclatge-de-mobils","status":"publish","type":"post","link":"https:\/\/agora.xtec.cat\/iesvinyet\/general\/campanya-reciclatge-de-mobils\/","title":{"rendered":"CAMPANYA RECICLATGE DE M\u00d2BILS"},"content":{"rendered":"<p>Els alumnes de 1r d&#8217;ESO, en el marc de la mat\u00e8ria de ci\u00e8ncies naturals, estan fent una campanya de reciclatge de m\u00f2bils que s&#8217;afegeix a la campanya iniciada el curs passat des de l&#8217;Escola verda:<\/p>\n<p style=\"text-align: center;\"><strong>Oxfam Interm\u00f3n i Movilbak\u00a0ens hem unit perqu\u00e8 el reciclatge sigui tamb\u00e9 un gest solidari.<\/strong><\/p>\n<p>Si tens un m\u00f2bil que ja no utilitzes, ara pots canviar-lo per llavors, llibres escolars, bidons d&#8217;aigua, eines i recursos necessaris per millorar la vida de les persones dels pa\u00efsos m\u00e9s pobres. Ara pots reciclar el teu m\u00f2bil de forma molt senzilla.<\/p>\n<ul>\n<li><strong>Qu\u00e8 succeix amb el tel\u00e8fon m\u00f2bil?\u00a0<\/strong><br \/>\nEls tel\u00e8fons obsolets o inservibles es reciclen a una empresa especialitzada respectant el medi ambient. No obstant aix\u00f2, els tel\u00e8fons que puguin ser reutilitzats, es condicionen i se&#8217;ls d\u00f3na una segona vida \u00fatil allargant aix\u00ed la seva funci\u00f3 i minimitzant encara m\u00e9s l&#8217;impacte mediambiental. Aix\u00ed, els tel\u00e8fons donats, s\u00f3n enviats a la central de CMR a Londres, empresa gestora de residus, on s\u00f3n classificats segons el seu estat funcional o obsolet. Aquells que funcionen es tornen a posar en circulaci\u00f3 novament, mentre que els inservibles s\u00f3n enviats a una planta de reciclatge on els materials es separen convenientment. Tot el proc\u00e9s de reciclatge es du a terme d&#8217;acord amb la directiva europea vigent i, a m\u00e9s, CMR compta amb els certificats de la ISO 1400: Est\u00e0ndard internacional en la gesti\u00f3 ambiental i el Reglament EMAS: Normativa europea de sistemes de gesti\u00f3 ambiental.<\/li>\n<\/ul>\n<h2>Amb aquest gest aconseguim<img decoding=\"async\" class=\"alignright\" src=\"https:\/\/oxfamintermon.s3.amazonaws.com\/sites\/default\/files\/images\/que_puedes_hacer_tu\/donativos\/cartelReciclaMovilCa.jpg\" alt=\"Am el teu vell m\u00f2bil pots canviar vides. \" \/><\/h2>\n<ul>\n<li>Reutilizar terminals.<\/li>\n<li>Reciclar els elements respetant el mediambient.<\/li>\n<li>Redu\u00efr la demanda de components como el coltan, un mineral que degrada ecosistemes i genera conflictes armats a la Rep\u00fablica Democr\u00e0tica del Congo.<\/li>\n<li>Recaptar fons per donar suport als projectes d&#8217;Oxfam Interm\u00f3n perqu\u00e8 cada dia m\u00e9s persones puguin accedir a una vida digna.<\/li>\n<\/ul>\n<p>&nbsp;<\/p>\n<p style=\"text-align: center;\"><span style=\"background-color: #ffff00;\"><strong>La recollida la faran dimecres 10 d&#8217;abril.<\/strong><\/span><\/p>\n<p><a href=\"https:\/\/agora.xtec.cat\/iesvinyet\/wp-content\/uploads\/usu987\/2019\/03\/IMG_20190118_111500-copia.jpg\"><img loading=\"lazy\" decoding=\"async\" class=\"alignnone size-full wp-image-2204\" src=\"https:\/\/agora.xtec.cat\/iesvinyet\/wp-content\/uploads\/usu987\/2019\/03\/IMG_20190118_111500-copia.jpg\" alt=\"\" width=\"577\" height=\"433\" srcset=\"https:\/\/agora.xtec.cat\/iesvinyet\/wp-content\/uploads\/usu987\/2019\/03\/IMG_20190118_111500-copia.jpg 577w, https:\/\/agora.xtec.cat\/iesvinyet\/wp-content\/uploads\/usu987\/2019\/03\/IMG_20190118_111500-copia-300x225.jpg 300w, https:\/\/agora.xtec.cat\/iesvinyet\/wp-content\/uploads\/usu987\/2019\/03\/IMG_20190118_111500-copia-200x150.jpg 200w\" sizes=\"auto, (max-width: 577px) 100vw, 577px\" \/><\/a> <a href=\"https:\/\/agora.xtec.cat\/iesvinyet\/wp-content\/uploads\/usu987\/2019\/03\/IMG_20190118_111448-copia.jpg\"><img loading=\"lazy\" decoding=\"async\" class=\"alignnone size-full wp-image-2205\" src=\"https:\/\/agora.xtec.cat\/iesvinyet\/wp-content\/uploads\/usu987\/2019\/03\/IMG_20190118_111448-copia.jpg\" alt=\"\" width=\"577\" height=\"433\" srcset=\"https:\/\/agora.xtec.cat\/iesvinyet\/wp-content\/uploads\/usu987\/2019\/03\/IMG_20190118_111448-copia.jpg 577w, https:\/\/agora.xtec.cat\/iesvinyet\/wp-content\/uploads\/usu987\/2019\/03\/IMG_20190118_111448-copia-300x225.jpg 300w, https:\/\/agora.xtec.cat\/iesvinyet\/wp-content\/uploads\/usu987\/2019\/03\/IMG_20190118_111448-copia-200x150.jpg 200w\" sizes=\"auto, (max-width: 577px) 100vw, 577px\" \/><\/a><\/p>\n<p>&nbsp;<\/p>\n<p>&nbsp;<\/p>\n","protected":false},"excerpt":{"rendered":"<p>Els alumnes de 1r d&#8217;ESO, en el marc de la mat\u00e8ria de ci\u00e8ncies naturals, estan fent una campanya de reciclatge de m\u00f2bils que s&#8217;afegeix a la campanya iniciada el curs passat des de l&#8217;Escola verda:<br \/>\nOxfam Interm\u00f3n i Movilbak\u00a0ens hem unit perqu\u00e8 el reciclatge sigui tamb\u00e9&hellip;  <a href=\"https:\/\/agora.xtec.cat\/iesvinyet\/general\/campanya-reciclatge-de-mobils\/\" title=\"Read CAMPANYA RECICLATGE DE M\u00d2BILS\">Llegeix m\u00e9s\u00bb<\/a><\/p>\n","protected":false},"author":49,"featured_media":2205,"comment_status":"open","ping_status":"closed","sticky":false,"template":"","format":"standard","meta":{"_bbp_topic_count":0,"_bbp_reply_count":0,"_bbp_total_topic_count":0,"_bbp_total_reply_count":0,"_bbp_voice_count":0,"_bbp_anonymous_reply_count":0,"_bbp_topic_count_hidden":0,"_bbp_reply_count_hidden":0,"_bbp_forum_subforum_count":0,"footnotes":""},"categories":[1,29],"tags":[164],"class_list":["post-2202","post","type-post","status-publish","format-standard","has-post-thumbnail","hentry","category-general","category-portada","tag-escola-verda"],"post_mailing_queue_ids":[],"_links":{"self":[{"href":"https:\/\/agora.xtec.cat\/iesvinyet\/wp-json\/wp\/v2\/posts\/2202","targetHints":{"allow":["GET"]}}],"collection":[{"href":"https:\/\/agora.xtec.cat\/iesvinyet\/wp-json\/wp\/v2\/posts"}],"about":[{"href":"https:\/\/agora.xtec.cat\/iesvinyet\/wp-json\/wp\/v2\/types\/post"}],"author":[{"embeddable":true,"href":"https:\/\/agora.xtec.cat\/iesvinyet\/wp-json\/wp\/v2\/users\/49"}],"replies":[{"embeddable":true,"href":"https:\/\/agora.xtec.cat\/iesvinyet\/wp-json\/wp\/v2\/comments?post=2202"}],"version-history":[{"count":2,"href":"https:\/\/agora.xtec.cat\/iesvinyet\/wp-json\/wp\/v2\/posts\/2202\/revisions"}],"predecessor-version":[{"id":2207,"href":"https:\/\/agora.xtec.cat\/iesvinyet\/wp-json\/wp\/v2\/posts\/2202\/revisions\/2207"}],"wp:featuredmedia":[{"embeddable":true,"href":"https:\/\/agora.xtec.cat\/iesvinyet\/wp-json\/wp\/v2\/media\/2205"}],"wp:attachment":[{"href":"https:\/\/agora.xtec.cat\/iesvinyet\/wp-json\/wp\/v2\/media?parent=2202"}],"wp:term":[{"taxonomy":"category","embeddable":true,"href":"https:\/\/agora.xtec.cat\/iesvinyet\/wp-json\/wp\/v2\/categories?post=2202"},{"taxonomy":"post_tag","embeddable":true,"href":"https:\/\/agora.xtec.cat\/iesvinyet\/wp-json\/wp\/v2\/tags?post=2202"}],"curies":[{"name":"wp","href":"https:\/\/api.w.org\/{rel}","templated":true}]}}