{"id":2150,"date":"2019-03-11T10:59:44","date_gmt":"2019-03-11T09:59:44","guid":{"rendered":"http:\/\/agora.xtec.cat\/iesvinyet\/?p=2150"},"modified":"2019-03-11T11:01:21","modified_gmt":"2019-03-11T10:01:21","slug":"els-nostres-curtmetratges","status":"publish","type":"post","link":"https:\/\/agora.xtec.cat\/iesvinyet\/general\/els-nostres-curtmetratges\/","title":{"rendered":"ELS NOSTRES CURTMETRATGES!"},"content":{"rendered":"<p>El passat divendres, es van estrenar els tres <strong>curtmetratges<\/strong> que l&#8217;alumnat de <strong>4t d&#8217;ESO<\/strong> del nostre centre ha creat aquest curs, en el marc del <strong>&#8220;Projecte Reacciona&#8221;<\/strong> de l&#8217;Ajuntament de Sitges, en el qual participem. Han buscat idees, han fet el gui\u00f3, han actuat i l&#8217;han rodat. I, el m\u00e9s important, han tingut l&#8217;oportunitat de reflexionar sobre la igualtat de g\u00e8nere i els estereotips que encara segueixen vigents, tot i la feina feta.<\/p>\n<p>Els voleu veure? Aqu\u00ed els teniu!<\/p>\n<p><strong>&#8220;Ens uneix &#8211; Ens separa?&#8221;<\/strong>\u00a04t ESO A<\/p>\n<p><a href=\"https:\/\/vimeo.com\/321853020\">https:\/\/vimeo.com\/321853020<\/a><\/p>\n<p><strong>&#8220;Empodera&#8217;t&#8221;<\/strong> 4t ESO B<\/p>\n<p><a href=\"https:\/\/vimeo.com\/321853454\">https:\/\/vimeo.com\/321853454<\/a><\/p>\n<p><strong>&#8220;Ell(e)s&#8221;<\/strong> 4t ESO C<\/p>\n<p><a href=\"https:\/\/vimeo.com\/322021981\">https:\/\/vimeo.com\/322021981<\/a><\/p>\n<p><strong>Molt bona feina! Enhorabona!<\/strong><\/p>\n","protected":false},"excerpt":{"rendered":"<p>El passat divendres, es van estrenar els tres curtmetratges que l&#8217;alumnat de 4t d&#8217;ESO del nostre centre ha creat aquest curs, en el marc del &#8220;Projecte Reacciona&#8221; de l&#8217;Ajuntament de Sitges, en el qual participem. Han buscat idees, han fet el gui\u00f3, han actuat i&hellip;  <a href=\"https:\/\/agora.xtec.cat\/iesvinyet\/general\/els-nostres-curtmetratges\/\" title=\"Read ELS NOSTRES CURTMETRATGES!\">Llegeix m\u00e9s\u00bb<\/a><\/p>\n","protected":false},"author":176,"featured_media":2151,"comment_status":"open","ping_status":"closed","sticky":false,"template":"","format":"standard","meta":{"_bbp_topic_count":0,"_bbp_reply_count":0,"_bbp_total_topic_count":0,"_bbp_total_reply_count":0,"_bbp_voice_count":0,"_bbp_anonymous_reply_count":0,"_bbp_topic_count_hidden":0,"_bbp_reply_count_hidden":0,"_bbp_forum_subforum_count":0,"footnotes":""},"categories":[66,1,163,29],"tags":[],"class_list":["post-2150","post","type-post","status-publish","format-standard","has-post-thumbnail","hentry","category-activitats_sortides","category-general","category-la-vida-al-centre","category-portada"],"post_mailing_queue_ids":[],"_links":{"self":[{"href":"https:\/\/agora.xtec.cat\/iesvinyet\/wp-json\/wp\/v2\/posts\/2150","targetHints":{"allow":["GET"]}}],"collection":[{"href":"https:\/\/agora.xtec.cat\/iesvinyet\/wp-json\/wp\/v2\/posts"}],"about":[{"href":"https:\/\/agora.xtec.cat\/iesvinyet\/wp-json\/wp\/v2\/types\/post"}],"author":[{"embeddable":true,"href":"https:\/\/agora.xtec.cat\/iesvinyet\/wp-json\/wp\/v2\/users\/176"}],"replies":[{"embeddable":true,"href":"https:\/\/agora.xtec.cat\/iesvinyet\/wp-json\/wp\/v2\/comments?post=2150"}],"version-history":[{"count":2,"href":"https:\/\/agora.xtec.cat\/iesvinyet\/wp-json\/wp\/v2\/posts\/2150\/revisions"}],"predecessor-version":[{"id":2153,"href":"https:\/\/agora.xtec.cat\/iesvinyet\/wp-json\/wp\/v2\/posts\/2150\/revisions\/2153"}],"wp:featuredmedia":[{"embeddable":true,"href":"https:\/\/agora.xtec.cat\/iesvinyet\/wp-json\/wp\/v2\/media\/2151"}],"wp:attachment":[{"href":"https:\/\/agora.xtec.cat\/iesvinyet\/wp-json\/wp\/v2\/media?parent=2150"}],"wp:term":[{"taxonomy":"category","embeddable":true,"href":"https:\/\/agora.xtec.cat\/iesvinyet\/wp-json\/wp\/v2\/categories?post=2150"},{"taxonomy":"post_tag","embeddable":true,"href":"https:\/\/agora.xtec.cat\/iesvinyet\/wp-json\/wp\/v2\/tags?post=2150"}],"curies":[{"name":"wp","href":"https:\/\/api.w.org\/{rel}","templated":true}]}}