{"id":2096,"date":"2019-02-11T11:49:57","date_gmt":"2019-02-11T10:49:57","guid":{"rendered":"http:\/\/agora.xtec.cat\/iesvinyet\/?p=2096"},"modified":"2019-02-11T17:28:59","modified_gmt":"2019-02-11T16:28:59","slug":"paris-chicago-sitges","status":"publish","type":"post","link":"https:\/\/agora.xtec.cat\/iesvinyet\/general\/paris-chicago-sitges\/","title":{"rendered":"PAR\u00cdS, CHICAGO, SITGES"},"content":{"rendered":"<p>Els alumnes de <strong>2n de Batxillerat<\/strong> que cursen Hist\u00f2ria de l&#8217;Art i Literatura assisteixen avui a l&#8217;espectacle <strong>&#8220;Cabaret d&#8217;ombres&#8221;<\/strong>, al Palau de <strong>Maricel<\/strong>. L&#8217;obra planteja un recorregut per la vida boh\u00e8mia de Miquel Utrillo: artista pl\u00e0stic, autor d&#8217;espectacles d&#8217;ombres xineses, cr\u00edtic d&#8217;art i cronista del Modernisme. De ben segur que la gaudiran!<\/p>\n<p><a href=\"https:\/\/agora.xtec.cat\/iesvinyet\/wp-content\/uploads\/usu987\/2019\/02\/cabaret_cartell.jpg\"><img loading=\"lazy\" decoding=\"async\" class=\"alignnone size-medium wp-image-2097\" src=\"https:\/\/agora.xtec.cat\/iesvinyet\/wp-content\/uploads\/usu987\/2019\/02\/cabaret_cartell-180x300.jpg\" alt=\"\" width=\"180\" height=\"300\" srcset=\"https:\/\/agora.xtec.cat\/iesvinyet\/wp-content\/uploads\/usu987\/2019\/02\/cabaret_cartell-180x300.jpg 180w, https:\/\/agora.xtec.cat\/iesvinyet\/wp-content\/uploads\/usu987\/2019\/02\/cabaret_cartell.jpg 450w\" sizes=\"auto, (max-width: 180px) 100vw, 180px\" \/><\/a><\/p>\n","protected":false},"excerpt":{"rendered":"<p>Els alumnes de 2n de Batxillerat que cursen Hist\u00f2ria de l&#8217;Art i Literatura assisteixen avui a l&#8217;espectacle &#8220;Cabaret d&#8217;ombres&#8221;, al Palau de Maricel. L&#8217;obra planteja un recorregut per la vida boh\u00e8mia de Miquel Utrillo: artista pl\u00e0stic, autor d&#8217;espectacles d&#8217;ombres xineses, cr\u00edtic d&#8217;art i cronista del&hellip;  <a href=\"https:\/\/agora.xtec.cat\/iesvinyet\/general\/paris-chicago-sitges\/\" title=\"Read PAR\u00cdS, CHICAGO, SITGES\">Llegeix m\u00e9s\u00bb<\/a><\/p>\n","protected":false},"author":176,"featured_media":0,"comment_status":"open","ping_status":"closed","sticky":false,"template":"","format":"standard","meta":{"_bbp_topic_count":0,"_bbp_reply_count":0,"_bbp_total_topic_count":0,"_bbp_total_reply_count":0,"_bbp_voice_count":0,"_bbp_anonymous_reply_count":0,"_bbp_topic_count_hidden":0,"_bbp_reply_count_hidden":0,"_bbp_forum_subforum_count":0,"footnotes":""},"categories":[66,8,1,29],"tags":[],"class_list":["post-2096","post","type-post","status-publish","format-standard","hentry","category-activitats_sortides","category-batxillerat","category-general","category-portada"],"post_mailing_queue_ids":[],"_links":{"self":[{"href":"https:\/\/agora.xtec.cat\/iesvinyet\/wp-json\/wp\/v2\/posts\/2096","targetHints":{"allow":["GET"]}}],"collection":[{"href":"https:\/\/agora.xtec.cat\/iesvinyet\/wp-json\/wp\/v2\/posts"}],"about":[{"href":"https:\/\/agora.xtec.cat\/iesvinyet\/wp-json\/wp\/v2\/types\/post"}],"author":[{"embeddable":true,"href":"https:\/\/agora.xtec.cat\/iesvinyet\/wp-json\/wp\/v2\/users\/176"}],"replies":[{"embeddable":true,"href":"https:\/\/agora.xtec.cat\/iesvinyet\/wp-json\/wp\/v2\/comments?post=2096"}],"version-history":[{"count":1,"href":"https:\/\/agora.xtec.cat\/iesvinyet\/wp-json\/wp\/v2\/posts\/2096\/revisions"}],"predecessor-version":[{"id":2098,"href":"https:\/\/agora.xtec.cat\/iesvinyet\/wp-json\/wp\/v2\/posts\/2096\/revisions\/2098"}],"wp:attachment":[{"href":"https:\/\/agora.xtec.cat\/iesvinyet\/wp-json\/wp\/v2\/media?parent=2096"}],"wp:term":[{"taxonomy":"category","embeddable":true,"href":"https:\/\/agora.xtec.cat\/iesvinyet\/wp-json\/wp\/v2\/categories?post=2096"},{"taxonomy":"post_tag","embeddable":true,"href":"https:\/\/agora.xtec.cat\/iesvinyet\/wp-json\/wp\/v2\/tags?post=2096"}],"curies":[{"name":"wp","href":"https:\/\/api.w.org\/{rel}","templated":true}]}}