{"id":2089,"date":"2019-02-08T12:44:25","date_gmt":"2019-02-08T11:44:25","guid":{"rendered":"http:\/\/agora.xtec.cat\/iesvinyet\/?p=2089"},"modified":"2019-02-08T12:45:21","modified_gmt":"2019-02-08T11:45:21","slug":"que-fem-dema","status":"publish","type":"post","link":"https:\/\/agora.xtec.cat\/iesvinyet\/general\/que-fem-dema\/","title":{"rendered":"&#8220;QU\u00c8 FEM DEM\u00c0?&#8221;"},"content":{"rendered":"<p>Aquest dijous els alumnes de <strong>1r i 2n de batxillerat<\/strong> del centre han assistit a la xerrada<strong> &#8220;Qu\u00e8 fem dem\u00e0?&#8221;<\/strong>, a c\u00e0rrec de <strong>Sebas Lorente<\/strong>, qui ha explicat en primera persona la seva experi\u00e8ncia vital. La xerrada, que t\u00e9 com a objectiu conscienciar els joves de la import\u00e0ncia que t\u00e9 <strong>conduir amb responsabilitat i seny<\/strong>, s&#8217;emmarca dins del Pla d&#8217;acci\u00f3 tutorial de Batxillerat. Lorente, que va ser v\u00edctima d&#8217;un accident de tr\u00e0nsit, va recordar-nos a tots els assistents quins s\u00f3n els nostres grans enemics: &#8220;Total, est\u00e1 aqu\u00ed al lado&#8221;, &#8220;Nunca ha pasado nada&#8221;, &#8220;Es un momento&#8221; y &#8220;Yo controlo&#8221;.<\/p>\n<p>En una biblioteca plena, l&#8217;alumnat i el professorat que hi va assistir vam poder reflexionar gr\u00e0cies a la generositat de qui comparteix amb els altres els seus aprenentatges i esdev\u00e9 un testimoni de vida, d&#8217;esfor\u00e7, de consci\u00e8ncia i de superaci\u00f3. <strong>Gr\u00e0cies!<\/strong><\/p>\n<p><a href=\"https:\/\/agora.xtec.cat\/iesvinyet\/wp-content\/uploads\/usu987\/2019\/02\/68e621a2-c884-48eb-96d3-48878fded5f8.jpg\"><img loading=\"lazy\" decoding=\"async\" class=\"alignnone size-medium wp-image-2085\" src=\"https:\/\/agora.xtec.cat\/iesvinyet\/wp-content\/uploads\/usu987\/2019\/02\/68e621a2-c884-48eb-96d3-48878fded5f8-300x225.jpg\" alt=\"\" width=\"300\" height=\"225\" srcset=\"https:\/\/agora.xtec.cat\/iesvinyet\/wp-content\/uploads\/usu987\/2019\/02\/68e621a2-c884-48eb-96d3-48878fded5f8-300x225.jpg 300w, https:\/\/agora.xtec.cat\/iesvinyet\/wp-content\/uploads\/usu987\/2019\/02\/68e621a2-c884-48eb-96d3-48878fded5f8-768x576.jpg 768w, https:\/\/agora.xtec.cat\/iesvinyet\/wp-content\/uploads\/usu987\/2019\/02\/68e621a2-c884-48eb-96d3-48878fded5f8-1024x768.jpg 1024w, https:\/\/agora.xtec.cat\/iesvinyet\/wp-content\/uploads\/usu987\/2019\/02\/68e621a2-c884-48eb-96d3-48878fded5f8-200x150.jpg 200w, https:\/\/agora.xtec.cat\/iesvinyet\/wp-content\/uploads\/usu987\/2019\/02\/68e621a2-c884-48eb-96d3-48878fded5f8.jpg 1600w\" sizes=\"auto, (max-width: 300px) 100vw, 300px\" \/>\u00a0 \u00a0\u00a0<\/a><a href=\"https:\/\/agora.xtec.cat\/iesvinyet\/wp-content\/uploads\/usu987\/2019\/02\/951b28a1-77bb-4794-83e3-454c577c325f.jpg\">\u00a0 \u00a0\u00a0<\/a><a href=\"https:\/\/agora.xtec.cat\/iesvinyet\/wp-content\/uploads\/usu987\/2019\/02\/8d290cc1-5a95-49eb-b6c2-4cfaa6404de0.jpg\"><img loading=\"lazy\" decoding=\"async\" class=\"alignnone size-medium wp-image-2087\" src=\"https:\/\/agora.xtec.cat\/iesvinyet\/wp-content\/uploads\/usu987\/2019\/02\/8d290cc1-5a95-49eb-b6c2-4cfaa6404de0-300x225.jpg\" alt=\"\" width=\"300\" height=\"225\" srcset=\"https:\/\/agora.xtec.cat\/iesvinyet\/wp-content\/uploads\/usu987\/2019\/02\/8d290cc1-5a95-49eb-b6c2-4cfaa6404de0-300x225.jpg 300w, https:\/\/agora.xtec.cat\/iesvinyet\/wp-content\/uploads\/usu987\/2019\/02\/8d290cc1-5a95-49eb-b6c2-4cfaa6404de0-768x576.jpg 768w, https:\/\/agora.xtec.cat\/iesvinyet\/wp-content\/uploads\/usu987\/2019\/02\/8d290cc1-5a95-49eb-b6c2-4cfaa6404de0.jpg 1024w, https:\/\/agora.xtec.cat\/iesvinyet\/wp-content\/uploads\/usu987\/2019\/02\/8d290cc1-5a95-49eb-b6c2-4cfaa6404de0-200x150.jpg 200w\" sizes=\"auto, (max-width: 300px) 100vw, 300px\" \/><\/a><\/p>\n","protected":false},"excerpt":{"rendered":"<p>Aquest dijous els alumnes de 1r i 2n de batxillerat del centre han assistit a la xerrada &#8220;Qu\u00e8 fem dem\u00e0?&#8221;, a c\u00e0rrec de Sebas Lorente, qui ha explicat en primera persona la seva experi\u00e8ncia vital. La xerrada, que t\u00e9 com a objectiu conscienciar els joves&hellip;  <a href=\"https:\/\/agora.xtec.cat\/iesvinyet\/general\/que-fem-dema\/\" title=\"Read &#8220;QU\u00c8 FEM DEM\u00c0?&#8221;\">Llegeix m\u00e9s\u00bb<\/a><\/p>\n","protected":false},"author":176,"featured_media":0,"comment_status":"open","ping_status":"closed","sticky":false,"template":"","format":"standard","meta":{"_bbp_topic_count":0,"_bbp_reply_count":0,"_bbp_total_topic_count":0,"_bbp_total_reply_count":0,"_bbp_voice_count":0,"_bbp_anonymous_reply_count":0,"_bbp_topic_count_hidden":0,"_bbp_reply_count_hidden":0,"_bbp_forum_subforum_count":0,"footnotes":""},"categories":[8,1,29],"tags":[],"class_list":["post-2089","post","type-post","status-publish","format-standard","hentry","category-batxillerat","category-general","category-portada"],"post_mailing_queue_ids":[],"_links":{"self":[{"href":"https:\/\/agora.xtec.cat\/iesvinyet\/wp-json\/wp\/v2\/posts\/2089","targetHints":{"allow":["GET"]}}],"collection":[{"href":"https:\/\/agora.xtec.cat\/iesvinyet\/wp-json\/wp\/v2\/posts"}],"about":[{"href":"https:\/\/agora.xtec.cat\/iesvinyet\/wp-json\/wp\/v2\/types\/post"}],"author":[{"embeddable":true,"href":"https:\/\/agora.xtec.cat\/iesvinyet\/wp-json\/wp\/v2\/users\/176"}],"replies":[{"embeddable":true,"href":"https:\/\/agora.xtec.cat\/iesvinyet\/wp-json\/wp\/v2\/comments?post=2089"}],"version-history":[{"count":1,"href":"https:\/\/agora.xtec.cat\/iesvinyet\/wp-json\/wp\/v2\/posts\/2089\/revisions"}],"predecessor-version":[{"id":2090,"href":"https:\/\/agora.xtec.cat\/iesvinyet\/wp-json\/wp\/v2\/posts\/2089\/revisions\/2090"}],"wp:attachment":[{"href":"https:\/\/agora.xtec.cat\/iesvinyet\/wp-json\/wp\/v2\/media?parent=2089"}],"wp:term":[{"taxonomy":"category","embeddable":true,"href":"https:\/\/agora.xtec.cat\/iesvinyet\/wp-json\/wp\/v2\/categories?post=2089"},{"taxonomy":"post_tag","embeddable":true,"href":"https:\/\/agora.xtec.cat\/iesvinyet\/wp-json\/wp\/v2\/tags?post=2089"}],"curies":[{"name":"wp","href":"https:\/\/api.w.org\/{rel}","templated":true}]}}