{"id":2057,"date":"2019-02-04T10:51:28","date_gmt":"2019-02-04T09:51:28","guid":{"rendered":"http:\/\/agora.xtec.cat\/iesvinyet\/?p=2057"},"modified":"2019-02-04T18:00:15","modified_gmt":"2019-02-04T17:00:15","slug":"visita-a-linstitut-catala-de-paleontologia","status":"publish","type":"post","link":"https:\/\/agora.xtec.cat\/iesvinyet\/general\/visita-a-linstitut-catala-de-paleontologia\/","title":{"rendered":"&#8220;GAIREB\u00c9 HUMANS&#8221;"},"content":{"rendered":"<p>El divendres passat, l&#8217;alumnat de 4t d&#8217;ESO que cursa l&#8217;optativa de Biologia i Geologia va visitar el museu de l&#8217;Institut Catal\u00e0 de <strong>Paleontologia<\/strong> a Sabadell i van realitzar el taller d&#8217;evoluci\u00f3 <strong>&#8220;Gaireb\u00e9 humans&#8221;.\u00a0<\/strong><\/p>\n<p><a href=\"https:\/\/agora.xtec.cat\/iesvinyet\/wp-content\/uploads\/usu987\/2019\/02\/IMG_20190201_120523.jpg\"><img loading=\"lazy\" decoding=\"async\" class=\"alignnone  wp-image-2065\" src=\"https:\/\/agora.xtec.cat\/iesvinyet\/wp-content\/uploads\/usu987\/2019\/02\/IMG_20190201_120523-1024x768.jpg\" alt=\"\" width=\"337\" height=\"253\" srcset=\"https:\/\/agora.xtec.cat\/iesvinyet\/wp-content\/uploads\/usu987\/2019\/02\/IMG_20190201_120523-1024x768.jpg 1024w, https:\/\/agora.xtec.cat\/iesvinyet\/wp-content\/uploads\/usu987\/2019\/02\/IMG_20190201_120523-300x225.jpg 300w, https:\/\/agora.xtec.cat\/iesvinyet\/wp-content\/uploads\/usu987\/2019\/02\/IMG_20190201_120523-768x576.jpg 768w, https:\/\/agora.xtec.cat\/iesvinyet\/wp-content\/uploads\/usu987\/2019\/02\/IMG_20190201_120523-200x150.jpg 200w, https:\/\/agora.xtec.cat\/iesvinyet\/wp-content\/uploads\/usu987\/2019\/02\/IMG_20190201_120523.jpg 1632w\" sizes=\"auto, (max-width: 337px) 100vw, 337px\" \/><\/a>\u00a0 \u00a0 \u00a0<a href=\"https:\/\/agora.xtec.cat\/iesvinyet\/wp-content\/uploads\/usu987\/2019\/02\/IMG_20190201_120335-1.jpg\"><img loading=\"lazy\" decoding=\"async\" class=\"alignnone  wp-image-2064\" src=\"https:\/\/agora.xtec.cat\/iesvinyet\/wp-content\/uploads\/usu987\/2019\/02\/IMG_20190201_120335-1-1024x768.jpg\" alt=\"\" width=\"336\" height=\"252\" srcset=\"https:\/\/agora.xtec.cat\/iesvinyet\/wp-content\/uploads\/usu987\/2019\/02\/IMG_20190201_120335-1-1024x768.jpg 1024w, https:\/\/agora.xtec.cat\/iesvinyet\/wp-content\/uploads\/usu987\/2019\/02\/IMG_20190201_120335-1-300x225.jpg 300w, https:\/\/agora.xtec.cat\/iesvinyet\/wp-content\/uploads\/usu987\/2019\/02\/IMG_20190201_120335-1-768x576.jpg 768w, https:\/\/agora.xtec.cat\/iesvinyet\/wp-content\/uploads\/usu987\/2019\/02\/IMG_20190201_120335-1-200x150.jpg 200w, https:\/\/agora.xtec.cat\/iesvinyet\/wp-content\/uploads\/usu987\/2019\/02\/IMG_20190201_120335-1.jpg 1632w\" sizes=\"auto, (max-width: 336px) 100vw, 336px\" \/><\/a><\/p>\n<p><a href=\"https:\/\/agora.xtec.cat\/iesvinyet\/wp-content\/uploads\/usu987\/2019\/02\/IMG_20190201_110748.jpg\"><img loading=\"lazy\" decoding=\"async\" class=\"alignnone  wp-image-2063\" src=\"https:\/\/agora.xtec.cat\/iesvinyet\/wp-content\/uploads\/usu987\/2019\/02\/IMG_20190201_110748-1024x768.jpg\" alt=\"\" width=\"336\" height=\"252\" srcset=\"https:\/\/agora.xtec.cat\/iesvinyet\/wp-content\/uploads\/usu987\/2019\/02\/IMG_20190201_110748-1024x768.jpg 1024w, https:\/\/agora.xtec.cat\/iesvinyet\/wp-content\/uploads\/usu987\/2019\/02\/IMG_20190201_110748-300x225.jpg 300w, https:\/\/agora.xtec.cat\/iesvinyet\/wp-content\/uploads\/usu987\/2019\/02\/IMG_20190201_110748-768x576.jpg 768w, https:\/\/agora.xtec.cat\/iesvinyet\/wp-content\/uploads\/usu987\/2019\/02\/IMG_20190201_110748-200x150.jpg 200w, https:\/\/agora.xtec.cat\/iesvinyet\/wp-content\/uploads\/usu987\/2019\/02\/IMG_20190201_110748.jpg 1632w\" sizes=\"auto, (max-width: 336px) 100vw, 336px\" \/>\u00a0\u00a0\u00a0\u00a0<\/a> <a href=\"https:\/\/agora.xtec.cat\/iesvinyet\/wp-content\/uploads\/usu987\/2019\/02\/IMG_20190201_110657.jpg\"><img loading=\"lazy\" decoding=\"async\" class=\"alignnone  wp-image-2062\" src=\"https:\/\/agora.xtec.cat\/iesvinyet\/wp-content\/uploads\/usu987\/2019\/02\/IMG_20190201_110657-1024x768.jpg\" alt=\"\" width=\"339\" height=\"255\" srcset=\"https:\/\/agora.xtec.cat\/iesvinyet\/wp-content\/uploads\/usu987\/2019\/02\/IMG_20190201_110657-1024x768.jpg 1024w, https:\/\/agora.xtec.cat\/iesvinyet\/wp-content\/uploads\/usu987\/2019\/02\/IMG_20190201_110657-300x225.jpg 300w, https:\/\/agora.xtec.cat\/iesvinyet\/wp-content\/uploads\/usu987\/2019\/02\/IMG_20190201_110657-768x576.jpg 768w, https:\/\/agora.xtec.cat\/iesvinyet\/wp-content\/uploads\/usu987\/2019\/02\/IMG_20190201_110657-200x150.jpg 200w, https:\/\/agora.xtec.cat\/iesvinyet\/wp-content\/uploads\/usu987\/2019\/02\/IMG_20190201_110657.jpg 1632w\" sizes=\"auto, (max-width: 339px) 100vw, 339px\" \/><\/a><\/p>\n","protected":false},"excerpt":{"rendered":"<p>El divendres passat, l&#8217;alumnat de 4t d&#8217;ESO que cursa l&#8217;optativa de Biologia i Geologia va visitar el museu de l&#8217;Institut Catal\u00e0 de Paleontologia a Sabadell i van realitzar el taller d&#8217;evoluci\u00f3 &#8220;Gaireb\u00e9 humans&#8221;.\u00a0<br \/>\n<a href=\"https:\/\/agora.xtec.cat\/iesvinyet\/wp-content\/uploads\/usu987\/2019\/02\/IMG_20190201_120523.jpg\"><\/a>\u00a0 \u00a0 \u00a0<a href=\"https:\/\/agora.xtec.cat\/iesvinyet\/wp-content\/uploads\/usu987\/2019\/02\/IMG_20190201_120335-1.jpg\"><\/a><br \/>\n<a href=\"https:\/\/agora.xtec.cat\/iesvinyet\/wp-content\/uploads\/usu987\/2019\/02\/IMG_20190201_110748.jpg\">\u00a0\u00a0\u00a0\u00a0<\/a> <a href=\"https:\/\/agora.xtec.cat\/iesvinyet\/wp-content\/uploads\/usu987\/2019\/02\/IMG_20190201_110657.jpg\"><\/a><\/p>\n","protected":false},"author":49,"featured_media":0,"comment_status":"open","ping_status":"closed","sticky":false,"template":"","format":"standard","meta":{"_bbp_topic_count":0,"_bbp_reply_count":0,"_bbp_total_topic_count":0,"_bbp_total_reply_count":0,"_bbp_voice_count":0,"_bbp_anonymous_reply_count":0,"_bbp_topic_count_hidden":0,"_bbp_reply_count_hidden":0,"_bbp_forum_subforum_count":0,"footnotes":""},"categories":[66,1,29],"tags":[117,39],"class_list":["post-2057","post","type-post","status-publish","format-standard","hentry","category-activitats_sortides","category-general","category-portada","tag-activitats","tag-sortides"],"post_mailing_queue_ids":[],"_links":{"self":[{"href":"https:\/\/agora.xtec.cat\/iesvinyet\/wp-json\/wp\/v2\/posts\/2057","targetHints":{"allow":["GET"]}}],"collection":[{"href":"https:\/\/agora.xtec.cat\/iesvinyet\/wp-json\/wp\/v2\/posts"}],"about":[{"href":"https:\/\/agora.xtec.cat\/iesvinyet\/wp-json\/wp\/v2\/types\/post"}],"author":[{"embeddable":true,"href":"https:\/\/agora.xtec.cat\/iesvinyet\/wp-json\/wp\/v2\/users\/49"}],"replies":[{"embeddable":true,"href":"https:\/\/agora.xtec.cat\/iesvinyet\/wp-json\/wp\/v2\/comments?post=2057"}],"version-history":[{"count":3,"href":"https:\/\/agora.xtec.cat\/iesvinyet\/wp-json\/wp\/v2\/posts\/2057\/revisions"}],"predecessor-version":[{"id":2068,"href":"https:\/\/agora.xtec.cat\/iesvinyet\/wp-json\/wp\/v2\/posts\/2057\/revisions\/2068"}],"wp:attachment":[{"href":"https:\/\/agora.xtec.cat\/iesvinyet\/wp-json\/wp\/v2\/media?parent=2057"}],"wp:term":[{"taxonomy":"category","embeddable":true,"href":"https:\/\/agora.xtec.cat\/iesvinyet\/wp-json\/wp\/v2\/categories?post=2057"},{"taxonomy":"post_tag","embeddable":true,"href":"https:\/\/agora.xtec.cat\/iesvinyet\/wp-json\/wp\/v2\/tags?post=2057"}],"curies":[{"name":"wp","href":"https:\/\/api.w.org\/{rel}","templated":true}]}}