{"id":2052,"date":"2019-02-01T19:17:07","date_gmt":"2019-02-01T18:17:07","guid":{"rendered":"http:\/\/agora.xtec.cat\/iesvinyet\/?p=2052"},"modified":"2019-02-01T19:18:33","modified_gmt":"2019-02-01T18:18:33","slug":"parlem-ne","status":"publish","type":"post","link":"https:\/\/agora.xtec.cat\/iesvinyet\/general\/parlem-ne\/","title":{"rendered":"PARLEM-NE&#8230;"},"content":{"rendered":"<p>Els <strong>dijous<\/strong> del mes de febrer, el <strong>Servei d&#8217;Intervenci\u00f3 Socioeducativa de Sitges<\/strong> (SIS) ha organitzat un cicle de confer\u00e8ncies adre\u00e7ades a les fam\u00edlies amb fills adolescents. Sota el t\u00edtol &#8220;AMPLIANT LA MIRADA&#8221;, hi ha programades tres <strong>xerrades obertes<\/strong> d&#8217;una hora:<\/p>\n<p><span style=\"font-family: inherit; font-size: 1em;\">Al SIS, a la Pla\u00e7a Catalunya de Sitges. Amb servei de ludoteca pels fills dels pares assistents.\u00a0<\/span><\/p>\n<p>Us animem a assistir-hi i a &#8220;ampliar la mirada&#8221;.<\/p>\n<p><a href=\"https:\/\/agora.xtec.cat\/iesvinyet\/wp-content\/uploads\/usu987\/2019\/02\/IMG_5533.jpg\"><img loading=\"lazy\" decoding=\"async\" class=\"alignnone wp-image-2054\" src=\"https:\/\/agora.xtec.cat\/iesvinyet\/wp-content\/uploads\/usu987\/2019\/02\/IMG_5533.jpg\" alt=\"\" width=\"443\" height=\"645\" srcset=\"https:\/\/agora.xtec.cat\/iesvinyet\/wp-content\/uploads\/usu987\/2019\/02\/IMG_5533.jpg 607w, https:\/\/agora.xtec.cat\/iesvinyet\/wp-content\/uploads\/usu987\/2019\/02\/IMG_5533-206x300.jpg 206w\" sizes=\"auto, (max-width: 443px) 100vw, 443px\" \/><\/a><\/p>\n<p>&nbsp;<\/p>\n","protected":false},"excerpt":{"rendered":"<p>Els dijous del mes de febrer, el Servei d&#8217;Intervenci\u00f3 Socioeducativa de Sitges (SIS) ha organitzat un cicle de confer\u00e8ncies adre\u00e7ades a les fam\u00edlies amb fills adolescents. Sota el t\u00edtol &#8220;AMPLIANT LA MIRADA&#8221;, hi ha programades tres xerrades obertes d&#8217;una hora:<br \/>\nAl SIS, a la Pla\u00e7a Catalunya&hellip;  <a href=\"https:\/\/agora.xtec.cat\/iesvinyet\/general\/parlem-ne\/\" title=\"Read PARLEM-NE&#8230;\">Llegeix m\u00e9s\u00bb<\/a><\/p>\n","protected":false},"author":176,"featured_media":0,"comment_status":"open","ping_status":"closed","sticky":false,"template":"","format":"standard","meta":{"_bbp_topic_count":0,"_bbp_reply_count":0,"_bbp_total_topic_count":0,"_bbp_total_reply_count":0,"_bbp_voice_count":0,"_bbp_anonymous_reply_count":0,"_bbp_topic_count_hidden":0,"_bbp_reply_count_hidden":0,"_bbp_forum_subforum_count":0,"footnotes":""},"categories":[1,29],"tags":[],"class_list":["post-2052","post","type-post","status-publish","format-standard","hentry","category-general","category-portada"],"post_mailing_queue_ids":[],"_links":{"self":[{"href":"https:\/\/agora.xtec.cat\/iesvinyet\/wp-json\/wp\/v2\/posts\/2052","targetHints":{"allow":["GET"]}}],"collection":[{"href":"https:\/\/agora.xtec.cat\/iesvinyet\/wp-json\/wp\/v2\/posts"}],"about":[{"href":"https:\/\/agora.xtec.cat\/iesvinyet\/wp-json\/wp\/v2\/types\/post"}],"author":[{"embeddable":true,"href":"https:\/\/agora.xtec.cat\/iesvinyet\/wp-json\/wp\/v2\/users\/176"}],"replies":[{"embeddable":true,"href":"https:\/\/agora.xtec.cat\/iesvinyet\/wp-json\/wp\/v2\/comments?post=2052"}],"version-history":[{"count":2,"href":"https:\/\/agora.xtec.cat\/iesvinyet\/wp-json\/wp\/v2\/posts\/2052\/revisions"}],"predecessor-version":[{"id":2056,"href":"https:\/\/agora.xtec.cat\/iesvinyet\/wp-json\/wp\/v2\/posts\/2052\/revisions\/2056"}],"wp:attachment":[{"href":"https:\/\/agora.xtec.cat\/iesvinyet\/wp-json\/wp\/v2\/media?parent=2052"}],"wp:term":[{"taxonomy":"category","embeddable":true,"href":"https:\/\/agora.xtec.cat\/iesvinyet\/wp-json\/wp\/v2\/categories?post=2052"},{"taxonomy":"post_tag","embeddable":true,"href":"https:\/\/agora.xtec.cat\/iesvinyet\/wp-json\/wp\/v2\/tags?post=2052"}],"curies":[{"name":"wp","href":"https:\/\/api.w.org\/{rel}","templated":true}]}}