{"id":2044,"date":"2019-01-28T20:10:47","date_gmt":"2019-01-28T19:10:47","guid":{"rendered":"http:\/\/agora.xtec.cat\/iesvinyet\/?p=2044"},"modified":"2019-01-28T20:10:47","modified_gmt":"2019-01-28T19:10:47","slug":"en-primera-persona","status":"publish","type":"post","link":"https:\/\/agora.xtec.cat\/iesvinyet\/general\/en-primera-persona\/","title":{"rendered":"EN PRIMERA PERSONA"},"content":{"rendered":"<p>Com sabeu, el passat dimecres 23 de gener, el nostre centre va acollir la 1a\u00a0<strong>JORNADA D\u2019EXPERI\u00c8NCIES TECNOL\u00d2GIQUES<\/strong>\u00a0de l\u2019<strong>Institut Vinyet<\/strong>. De la m\u00e0 de Ximo Lahuerta, quatre exalumnes del centre van visitar-nos per explicar-nos en primera persona la seva experi\u00e8ncia amb la tecnologia. <strong>Xavier Alaman<\/strong> i <strong>Sergi Centeno<\/strong> cursen actualment Enginyeria inform\u00e0tica; <strong>Sergi Molina<\/strong>, Comunicaci\u00f3 audiovisual; i <strong>Ignacio V\u00e1zquez<\/strong> estudia Enginyeria aeron\u00e0utica.<\/p>\n<p>D&#8217;una manera amena i enriquidora, tots quatre van explicar els motius pels quals van cursar el batxillerat tecnol\u00f2gic i la motivaci\u00f3 que sentien envers els estudis universitaris que finalment han cursat. La jornada estava adre\u00e7ada a l&#8217;alumnat de 3r d&#8217;ESO fins a 2n de Batxillerat amb inquietuds cient\u00edfico-t\u00e8cniques, amb l&#8217;objectiu de fomentar les <strong>vocacions cient\u00edfiques<\/strong> tan necess\u00e0ries per la nostra societat. La interacci\u00f3 amb l&#8217;alumnat del centre va ser molt positiva i vam poder escoltar de viva veu experi\u00e8ncies de joves que no fa tants anys eren alumnes del mateix Institut.\u00a0Al final de la jornada, tots vam fer nostre un lema: <strong>&#8220;LES TECNOLOGIES MOUEN EL M\u00d3N&#8221;<\/strong>.<\/p>\n<div><\/div>\n<div>\n<div>\n<div class=\"m_-6170060223599350693gmail-m_6041485395841897602gmail_signature\" dir=\"ltr\">\n<div dir=\"ltr\">\n<div>\n<div dir=\"ltr\">\n<div>\n<div dir=\"ltr\">\n<div dir=\"ltr\">Volem agrair la participaci\u00f3 de tothom en aquesta jornada, especialment als exalumnes que ens van visitar. <strong>Benvinguts de nou!\u00a0<\/strong><\/div>\n<\/div>\n<div dir=\"ltr\"><\/div>\n<div dir=\"ltr\">\u00a0<a href=\"https:\/\/agora.xtec.cat\/iesvinyet\/wp-content\/uploads\/usu987\/2019\/01\/PHOTO-2019-01-23-17-37-57.jpg\"><img loading=\"lazy\" decoding=\"async\" class=\"alignnone  wp-image-2046\" src=\"https:\/\/agora.xtec.cat\/iesvinyet\/wp-content\/uploads\/usu987\/2019\/01\/PHOTO-2019-01-23-17-37-57-1024x768.jpg\" alt=\"\" width=\"282\" height=\"212\" srcset=\"https:\/\/agora.xtec.cat\/iesvinyet\/wp-content\/uploads\/usu987\/2019\/01\/PHOTO-2019-01-23-17-37-57-1024x768.jpg 1024w, https:\/\/agora.xtec.cat\/iesvinyet\/wp-content\/uploads\/usu987\/2019\/01\/PHOTO-2019-01-23-17-37-57-300x225.jpg 300w, https:\/\/agora.xtec.cat\/iesvinyet\/wp-content\/uploads\/usu987\/2019\/01\/PHOTO-2019-01-23-17-37-57-768x576.jpg 768w, https:\/\/agora.xtec.cat\/iesvinyet\/wp-content\/uploads\/usu987\/2019\/01\/PHOTO-2019-01-23-17-37-57-200x150.jpg 200w, https:\/\/agora.xtec.cat\/iesvinyet\/wp-content\/uploads\/usu987\/2019\/01\/PHOTO-2019-01-23-17-37-57.jpg 1599w\" sizes=\"auto, (max-width: 282px) 100vw, 282px\" \/>\u00a0 \u00a0 <\/a><a href=\"https:\/\/agora.xtec.cat\/iesvinyet\/wp-content\/uploads\/usu987\/2019\/01\/PHOTO-2019-01-23-17-37-58-1.jpg\"><img loading=\"lazy\" decoding=\"async\" class=\"alignnone  wp-image-2049\" src=\"https:\/\/agora.xtec.cat\/iesvinyet\/wp-content\/uploads\/usu987\/2019\/01\/PHOTO-2019-01-23-17-37-58-1-1024x768.jpg\" alt=\"\" width=\"283\" height=\"212\" srcset=\"https:\/\/agora.xtec.cat\/iesvinyet\/wp-content\/uploads\/usu987\/2019\/01\/PHOTO-2019-01-23-17-37-58-1-1024x768.jpg 1024w, https:\/\/agora.xtec.cat\/iesvinyet\/wp-content\/uploads\/usu987\/2019\/01\/PHOTO-2019-01-23-17-37-58-1-300x225.jpg 300w, https:\/\/agora.xtec.cat\/iesvinyet\/wp-content\/uploads\/usu987\/2019\/01\/PHOTO-2019-01-23-17-37-58-1-768x576.jpg 768w, https:\/\/agora.xtec.cat\/iesvinyet\/wp-content\/uploads\/usu987\/2019\/01\/PHOTO-2019-01-23-17-37-58-1-200x150.jpg 200w, https:\/\/agora.xtec.cat\/iesvinyet\/wp-content\/uploads\/usu987\/2019\/01\/PHOTO-2019-01-23-17-37-58-1.jpg 1599w\" sizes=\"auto, (max-width: 283px) 100vw, 283px\" \/><\/a><a href=\"https:\/\/agora.xtec.cat\/iesvinyet\/wp-content\/uploads\/usu987\/2019\/01\/PHOTO-2019-01-23-17-37-57.jpg\">\u00a0 \u00a0 \u00a0\u00a0<\/a><a href=\"https:\/\/agora.xtec.cat\/iesvinyet\/wp-content\/uploads\/usu987\/2019\/01\/PHOTO-2019-01-23-17-37-58.jpg\"><img loading=\"lazy\" decoding=\"async\" class=\"alignnone  wp-image-2045\" src=\"https:\/\/agora.xtec.cat\/iesvinyet\/wp-content\/uploads\/usu987\/2019\/01\/PHOTO-2019-01-23-17-37-58-1024x768.jpg\" alt=\"\" width=\"283\" height=\"213\" srcset=\"https:\/\/agora.xtec.cat\/iesvinyet\/wp-content\/uploads\/usu987\/2019\/01\/PHOTO-2019-01-23-17-37-58-1024x768.jpg 1024w, https:\/\/agora.xtec.cat\/iesvinyet\/wp-content\/uploads\/usu987\/2019\/01\/PHOTO-2019-01-23-17-37-58-300x225.jpg 300w, https:\/\/agora.xtec.cat\/iesvinyet\/wp-content\/uploads\/usu987\/2019\/01\/PHOTO-2019-01-23-17-37-58-768x576.jpg 768w, https:\/\/agora.xtec.cat\/iesvinyet\/wp-content\/uploads\/usu987\/2019\/01\/PHOTO-2019-01-23-17-37-58-200x150.jpg 200w, https:\/\/agora.xtec.cat\/iesvinyet\/wp-content\/uploads\/usu987\/2019\/01\/PHOTO-2019-01-23-17-37-58.jpg 1599w\" sizes=\"auto, (max-width: 283px) 100vw, 283px\" \/><\/a><a href=\"https:\/\/agora.xtec.cat\/iesvinyet\/wp-content\/uploads\/usu987\/2019\/01\/PHOTO-2019-01-23-17-37-57.jpg\">\u00a0 <\/a><\/div>\n<\/div>\n<div dir=\"ltr\"><\/div>\n<\/div>\n<\/div>\n<\/div>\n<\/div>\n<\/div>\n<\/div>\n","protected":false},"excerpt":{"rendered":"<p>Com sabeu, el passat dimecres 23 de gener, el nostre centre va acollir la 1a\u00a0JORNADA D\u2019EXPERI\u00c8NCIES TECNOL\u00d2GIQUES\u00a0de l\u2019Institut Vinyet. De la m\u00e0 de Ximo Lahuerta, quatre exalumnes del centre van visitar-nos per explicar-nos en primera persona la seva experi\u00e8ncia amb la tecnologia. Xavier Alaman i&hellip;  <a href=\"https:\/\/agora.xtec.cat\/iesvinyet\/general\/en-primera-persona\/\" title=\"Read EN PRIMERA PERSONA\">Llegeix m\u00e9s\u00bb<\/a><\/p>\n","protected":false},"author":176,"featured_media":0,"comment_status":"open","ping_status":"closed","sticky":false,"template":"","format":"standard","meta":{"_bbp_topic_count":0,"_bbp_reply_count":0,"_bbp_total_topic_count":0,"_bbp_total_reply_count":0,"_bbp_voice_count":0,"_bbp_anonymous_reply_count":0,"_bbp_topic_count_hidden":0,"_bbp_reply_count_hidden":0,"_bbp_forum_subforum_count":0,"footnotes":""},"categories":[1,29],"tags":[],"class_list":["post-2044","post","type-post","status-publish","format-standard","hentry","category-general","category-portada"],"post_mailing_queue_ids":[],"_links":{"self":[{"href":"https:\/\/agora.xtec.cat\/iesvinyet\/wp-json\/wp\/v2\/posts\/2044","targetHints":{"allow":["GET"]}}],"collection":[{"href":"https:\/\/agora.xtec.cat\/iesvinyet\/wp-json\/wp\/v2\/posts"}],"about":[{"href":"https:\/\/agora.xtec.cat\/iesvinyet\/wp-json\/wp\/v2\/types\/post"}],"author":[{"embeddable":true,"href":"https:\/\/agora.xtec.cat\/iesvinyet\/wp-json\/wp\/v2\/users\/176"}],"replies":[{"embeddable":true,"href":"https:\/\/agora.xtec.cat\/iesvinyet\/wp-json\/wp\/v2\/comments?post=2044"}],"version-history":[{"count":1,"href":"https:\/\/agora.xtec.cat\/iesvinyet\/wp-json\/wp\/v2\/posts\/2044\/revisions"}],"predecessor-version":[{"id":2050,"href":"https:\/\/agora.xtec.cat\/iesvinyet\/wp-json\/wp\/v2\/posts\/2044\/revisions\/2050"}],"wp:attachment":[{"href":"https:\/\/agora.xtec.cat\/iesvinyet\/wp-json\/wp\/v2\/media?parent=2044"}],"wp:term":[{"taxonomy":"category","embeddable":true,"href":"https:\/\/agora.xtec.cat\/iesvinyet\/wp-json\/wp\/v2\/categories?post=2044"},{"taxonomy":"post_tag","embeddable":true,"href":"https:\/\/agora.xtec.cat\/iesvinyet\/wp-json\/wp\/v2\/tags?post=2044"}],"curies":[{"name":"wp","href":"https:\/\/api.w.org\/{rel}","templated":true}]}}