{"id":2018,"date":"2019-01-21T20:15:38","date_gmt":"2019-01-21T19:15:38","guid":{"rendered":"http:\/\/agora.xtec.cat\/iesvinyet\/?p=2018"},"modified":"2019-01-22T10:09:39","modified_gmt":"2019-01-22T09:09:39","slug":"visita-al-campus-nord-de-la-upc","status":"publish","type":"post","link":"https:\/\/agora.xtec.cat\/iesvinyet\/general\/visita-al-campus-nord-de-la-upc\/","title":{"rendered":"Visitem el Campus Nord UPC"},"content":{"rendered":"<div><\/div>\n<p dir=\"ltr\" style=\"text-align: justify;\">Aquest dilluns, l&#8217;alumnat de l&#8217;optativa de tecnologia de 4t d&#8217;ESO i de Tecnologia Industrial de Batxillerat, ha anat al Campus Nord de la UPC. Hem visitat el museu de la FIB i el Supercomputador MareNostrum que, amb 165.888 processadors i una mem\u00f2ria central de 390 Terabytes, t\u00e9 una pot\u00e8ncia d&#8217;11,15 Petaflops: pot fer m\u00e9s d&#8217;11.000 bilions d&#8217;operacions per segon!<\/p>\n<p dir=\"ltr\"><a href=\"https:\/\/agora.xtec.cat\/iesvinyet\/wp-content\/uploads\/usu987\/2019\/01\/20190121_1144091.jpg\"><img loading=\"lazy\" decoding=\"async\" class=\"alignnone size-medium wp-image-2019\" src=\"https:\/\/agora.xtec.cat\/iesvinyet\/wp-content\/uploads\/usu987\/2019\/01\/20190121_1144091-300x169.jpg\" alt=\"\" width=\"300\" height=\"169\" srcset=\"https:\/\/agora.xtec.cat\/iesvinyet\/wp-content\/uploads\/usu987\/2019\/01\/20190121_1144091-300x169.jpg 300w, https:\/\/agora.xtec.cat\/iesvinyet\/wp-content\/uploads\/usu987\/2019\/01\/20190121_1144091-768x432.jpg 768w, https:\/\/agora.xtec.cat\/iesvinyet\/wp-content\/uploads\/usu987\/2019\/01\/20190121_1144091-1024x576.jpg 1024w\" sizes=\"auto, (max-width: 300px) 100vw, 300px\" \/><\/a><a href=\"https:\/\/agora.xtec.cat\/iesvinyet\/wp-content\/uploads\/usu987\/2019\/01\/20190121_130853.jpg\"><img loading=\"lazy\" decoding=\"async\" class=\"alignnone size-medium wp-image-2021\" src=\"https:\/\/agora.xtec.cat\/iesvinyet\/wp-content\/uploads\/usu987\/2019\/01\/20190121_130853-300x169.jpg\" alt=\"\" width=\"300\" height=\"169\" srcset=\"https:\/\/agora.xtec.cat\/iesvinyet\/wp-content\/uploads\/usu987\/2019\/01\/20190121_130853-300x169.jpg 300w, https:\/\/agora.xtec.cat\/iesvinyet\/wp-content\/uploads\/usu987\/2019\/01\/20190121_130853-768x432.jpg 768w, https:\/\/agora.xtec.cat\/iesvinyet\/wp-content\/uploads\/usu987\/2019\/01\/20190121_130853-1024x576.jpg 1024w\" sizes=\"auto, (max-width: 300px) 100vw, 300px\" \/><\/a><a href=\"https:\/\/agora.xtec.cat\/iesvinyet\/wp-content\/uploads\/usu987\/2019\/01\/20190121_130652.jpg\"><img loading=\"lazy\" decoding=\"async\" class=\"alignnone size-medium wp-image-2022\" src=\"https:\/\/agora.xtec.cat\/iesvinyet\/wp-content\/uploads\/usu987\/2019\/01\/20190121_130652-300x169.jpg\" alt=\"\" width=\"300\" height=\"169\" srcset=\"https:\/\/agora.xtec.cat\/iesvinyet\/wp-content\/uploads\/usu987\/2019\/01\/20190121_130652-300x169.jpg 300w, https:\/\/agora.xtec.cat\/iesvinyet\/wp-content\/uploads\/usu987\/2019\/01\/20190121_130652-768x432.jpg 768w, https:\/\/agora.xtec.cat\/iesvinyet\/wp-content\/uploads\/usu987\/2019\/01\/20190121_130652-1024x576.jpg 1024w\" sizes=\"auto, (max-width: 300px) 100vw, 300px\" \/><\/a><\/p>\n<p dir=\"ltr\">\n","protected":false},"excerpt":{"rendered":"<p>Aquest dilluns, l&#8217;alumnat de l&#8217;optativa de tecnologia de 4t d&#8217;ESO i de Tecnologia Industrial de Batxillerat, ha anat al Campus Nord de la UPC. Hem visitat el museu de la FIB i el Supercomputador MareNostrum que, amb 165.888 processadors i una mem\u00f2ria central de 390&hellip;  <a href=\"https:\/\/agora.xtec.cat\/iesvinyet\/general\/visita-al-campus-nord-de-la-upc\/\" title=\"Read Visitem el Campus Nord UPC\">Llegeix m\u00e9s\u00bb<\/a><\/p>\n","protected":false},"author":13,"featured_media":0,"comment_status":"open","ping_status":"closed","sticky":false,"template":"","format":"standard","meta":{"_bbp_topic_count":0,"_bbp_reply_count":0,"_bbp_total_topic_count":0,"_bbp_total_reply_count":0,"_bbp_voice_count":0,"_bbp_anonymous_reply_count":0,"_bbp_topic_count_hidden":0,"_bbp_reply_count_hidden":0,"_bbp_forum_subforum_count":0,"footnotes":""},"categories":[66,8,1,29],"tags":[117,39,44],"class_list":["post-2018","post","type-post","status-publish","format-standard","hentry","category-activitats_sortides","category-batxillerat","category-general","category-portada","tag-activitats","tag-sortides","tag-xerrades"],"post_mailing_queue_ids":[],"_links":{"self":[{"href":"https:\/\/agora.xtec.cat\/iesvinyet\/wp-json\/wp\/v2\/posts\/2018","targetHints":{"allow":["GET"]}}],"collection":[{"href":"https:\/\/agora.xtec.cat\/iesvinyet\/wp-json\/wp\/v2\/posts"}],"about":[{"href":"https:\/\/agora.xtec.cat\/iesvinyet\/wp-json\/wp\/v2\/types\/post"}],"author":[{"embeddable":true,"href":"https:\/\/agora.xtec.cat\/iesvinyet\/wp-json\/wp\/v2\/users\/13"}],"replies":[{"embeddable":true,"href":"https:\/\/agora.xtec.cat\/iesvinyet\/wp-json\/wp\/v2\/comments?post=2018"}],"version-history":[{"count":3,"href":"https:\/\/agora.xtec.cat\/iesvinyet\/wp-json\/wp\/v2\/posts\/2018\/revisions"}],"predecessor-version":[{"id":2027,"href":"https:\/\/agora.xtec.cat\/iesvinyet\/wp-json\/wp\/v2\/posts\/2018\/revisions\/2027"}],"wp:attachment":[{"href":"https:\/\/agora.xtec.cat\/iesvinyet\/wp-json\/wp\/v2\/media?parent=2018"}],"wp:term":[{"taxonomy":"category","embeddable":true,"href":"https:\/\/agora.xtec.cat\/iesvinyet\/wp-json\/wp\/v2\/categories?post=2018"},{"taxonomy":"post_tag","embeddable":true,"href":"https:\/\/agora.xtec.cat\/iesvinyet\/wp-json\/wp\/v2\/tags?post=2018"}],"curies":[{"name":"wp","href":"https:\/\/api.w.org\/{rel}","templated":true}]}}