{"id":1985,"date":"2018-12-19T13:42:47","date_gmt":"2018-12-19T12:42:47","guid":{"rendered":"http:\/\/agora.xtec.cat\/iesvinyet\/?p=1985"},"modified":"2018-12-19T13:42:47","modified_gmt":"2018-12-19T12:42:47","slug":"panera-de-nadal","status":"publish","type":"post","link":"https:\/\/agora.xtec.cat\/iesvinyet\/general\/panera-de-nadal\/","title":{"rendered":"PANERA DE NADAL"},"content":{"rendered":"<p>Des d&#8217;aquest dilluns i fins dem\u00e0 divendres, els alumnes de 4t d&#8217;ESO, ajudats per la Comissi\u00f3 de Festes del centre, estan promocionant el sorteig d&#8217;una panera de Nadal. Per participar-hi cal fer una aportaci\u00f3 d&#8217;1 \u20ac i escollir el n\u00famero amb el qual es vol jugar.<\/p>\n<p>Us animem a participar-hi perqu\u00e8 els diners recaptats serviran per finan\u00e7ar part del seu viatge final d&#8217;Etapa. Durant l&#8217;acte de Nadal de divendres sabrem el nom del guanyador!<\/p>\n<p><a href=\"https:\/\/agora.xtec.cat\/iesvinyet\/wp-content\/uploads\/usu987\/2018\/12\/Panera.png\"><img loading=\"lazy\" decoding=\"async\" class=\"alignnone  wp-image-1986\" src=\"https:\/\/agora.xtec.cat\/iesvinyet\/wp-content\/uploads\/usu987\/2018\/12\/Panera.png\" alt=\"\" width=\"412\" height=\"283\" srcset=\"https:\/\/agora.xtec.cat\/iesvinyet\/wp-content\/uploads\/usu987\/2018\/12\/Panera.png 462w, https:\/\/agora.xtec.cat\/iesvinyet\/wp-content\/uploads\/usu987\/2018\/12\/Panera-300x206.png 300w\" sizes=\"auto, (max-width: 412px) 100vw, 412px\" \/><\/a><\/p>\n<p>Volem agrair la col\u00b7laboraci\u00f3 dels establiments que ens han ajudat a fer que aquesta panera estigui ben plena!<\/p>\n<p><a href=\"https:\/\/agora.xtec.cat\/iesvinyet\/wp-content\/uploads\/usu987\/2018\/12\/Patrocinadors.jpg\"><img loading=\"lazy\" decoding=\"async\" class=\"alignnone  wp-image-1987\" src=\"https:\/\/agora.xtec.cat\/iesvinyet\/wp-content\/uploads\/usu987\/2018\/12\/Patrocinadors.jpg\" alt=\"\" width=\"515\" height=\"116\" srcset=\"https:\/\/agora.xtec.cat\/iesvinyet\/wp-content\/uploads\/usu987\/2018\/12\/Patrocinadors.jpg 715w, https:\/\/agora.xtec.cat\/iesvinyet\/wp-content\/uploads\/usu987\/2018\/12\/Patrocinadors-300x68.jpg 300w\" sizes=\"auto, (max-width: 515px) 100vw, 515px\" \/><\/a><\/p>\n<p>&nbsp;<\/p>\n","protected":false},"excerpt":{"rendered":"<p>Des d&#8217;aquest dilluns i fins dem\u00e0 divendres, els alumnes de 4t d&#8217;ESO, ajudats per la Comissi\u00f3 de Festes del centre, estan promocionant el sorteig d&#8217;una panera de Nadal. Per participar-hi cal fer una aportaci\u00f3 d&#8217;1 \u20ac i escollir el n\u00famero amb el qual es vol&hellip;  <a href=\"https:\/\/agora.xtec.cat\/iesvinyet\/general\/panera-de-nadal\/\" title=\"Read PANERA DE NADAL\">Llegeix m\u00e9s\u00bb<\/a><\/p>\n","protected":false},"author":176,"featured_media":0,"comment_status":"open","ping_status":"closed","sticky":false,"template":"","format":"standard","meta":{"_bbp_topic_count":0,"_bbp_reply_count":0,"_bbp_total_topic_count":0,"_bbp_total_reply_count":0,"_bbp_voice_count":0,"_bbp_anonymous_reply_count":0,"_bbp_topic_count_hidden":0,"_bbp_reply_count_hidden":0,"_bbp_forum_subforum_count":0,"footnotes":""},"categories":[31,1,29],"tags":[],"class_list":["post-1985","post","type-post","status-publish","format-standard","hentry","category-ampa","category-general","category-portada"],"post_mailing_queue_ids":[],"_links":{"self":[{"href":"https:\/\/agora.xtec.cat\/iesvinyet\/wp-json\/wp\/v2\/posts\/1985","targetHints":{"allow":["GET"]}}],"collection":[{"href":"https:\/\/agora.xtec.cat\/iesvinyet\/wp-json\/wp\/v2\/posts"}],"about":[{"href":"https:\/\/agora.xtec.cat\/iesvinyet\/wp-json\/wp\/v2\/types\/post"}],"author":[{"embeddable":true,"href":"https:\/\/agora.xtec.cat\/iesvinyet\/wp-json\/wp\/v2\/users\/176"}],"replies":[{"embeddable":true,"href":"https:\/\/agora.xtec.cat\/iesvinyet\/wp-json\/wp\/v2\/comments?post=1985"}],"version-history":[{"count":1,"href":"https:\/\/agora.xtec.cat\/iesvinyet\/wp-json\/wp\/v2\/posts\/1985\/revisions"}],"predecessor-version":[{"id":1988,"href":"https:\/\/agora.xtec.cat\/iesvinyet\/wp-json\/wp\/v2\/posts\/1985\/revisions\/1988"}],"wp:attachment":[{"href":"https:\/\/agora.xtec.cat\/iesvinyet\/wp-json\/wp\/v2\/media?parent=1985"}],"wp:term":[{"taxonomy":"category","embeddable":true,"href":"https:\/\/agora.xtec.cat\/iesvinyet\/wp-json\/wp\/v2\/categories?post=1985"},{"taxonomy":"post_tag","embeddable":true,"href":"https:\/\/agora.xtec.cat\/iesvinyet\/wp-json\/wp\/v2\/tags?post=1985"}],"curies":[{"name":"wp","href":"https:\/\/api.w.org\/{rel}","templated":true}]}}