{"id":1982,"date":"2018-12-18T09:39:29","date_gmt":"2018-12-18T08:39:29","guid":{"rendered":"http:\/\/agora.xtec.cat\/iesvinyet\/?p=1982"},"modified":"2018-12-18T09:39:29","modified_gmt":"2018-12-18T08:39:29","slug":"gracies-3","status":"publish","type":"post","link":"https:\/\/agora.xtec.cat\/iesvinyet\/general\/gracies-3\/","title":{"rendered":"GR\u00c0CIES!"},"content":{"rendered":"<p>Moltes gr\u00e0cies a tots els que vau fer possible que l&#8217;acte del passat divendres al vespre, a benefici de La Marat\u00f3 de TV3, fos un \u00e8xit. Als que hi vau participar, als que el vau organitzar i als que hi vau assistir&#8230; <strong>GR\u00c0CIES!<\/strong><\/p>\n<p>Hem pogut sumar a la recerca del c\u00e0ncer <strong>676.40 \u20ac,<\/strong> gr\u00e0cies a la solidaritat de tots i al nostre porquet Txantxo, que tornar\u00e0 l&#8217;any vinent per aconseguir superar aquesta xifra!<\/p>\n<p>&nbsp;<\/p>\n<p><a href=\"https:\/\/agora.xtec.cat\/iesvinyet\/wp-content\/uploads\/usu987\/2018\/12\/0e35dcd2-af6c-4c41-a9b7-0a95c78a2918.jpg\"><img loading=\"lazy\" decoding=\"async\" class=\"alignnone  wp-image-1983\" src=\"https:\/\/agora.xtec.cat\/iesvinyet\/wp-content\/uploads\/usu987\/2018\/12\/0e35dcd2-af6c-4c41-a9b7-0a95c78a2918-1024x1024.jpg\" alt=\"\" width=\"399\" height=\"399\" srcset=\"https:\/\/agora.xtec.cat\/iesvinyet\/wp-content\/uploads\/usu987\/2018\/12\/0e35dcd2-af6c-4c41-a9b7-0a95c78a2918-1024x1024.jpg 1024w, https:\/\/agora.xtec.cat\/iesvinyet\/wp-content\/uploads\/usu987\/2018\/12\/0e35dcd2-af6c-4c41-a9b7-0a95c78a2918-150x150.jpg 150w, https:\/\/agora.xtec.cat\/iesvinyet\/wp-content\/uploads\/usu987\/2018\/12\/0e35dcd2-af6c-4c41-a9b7-0a95c78a2918-300x300.jpg 300w, https:\/\/agora.xtec.cat\/iesvinyet\/wp-content\/uploads\/usu987\/2018\/12\/0e35dcd2-af6c-4c41-a9b7-0a95c78a2918-768x768.jpg 768w, https:\/\/agora.xtec.cat\/iesvinyet\/wp-content\/uploads\/usu987\/2018\/12\/0e35dcd2-af6c-4c41-a9b7-0a95c78a2918.jpg 1564w\" sizes=\"auto, (max-width: 399px) 100vw, 399px\" \/><\/a><\/p>\n<p>&nbsp;<\/p>\n","protected":false},"excerpt":{"rendered":"<p>Moltes gr\u00e0cies a tots els que vau fer possible que l&#8217;acte del passat divendres al vespre, a benefici de La Marat\u00f3 de TV3, fos un \u00e8xit. Als que hi vau participar, als que el vau organitzar i als que hi vau assistir&#8230; GR\u00c0CIES!<br \/>\nHem pogut sumar&hellip;  <a href=\"https:\/\/agora.xtec.cat\/iesvinyet\/general\/gracies-3\/\" title=\"Read GR\u00c0CIES!\">Llegeix m\u00e9s\u00bb<\/a><\/p>\n","protected":false},"author":176,"featured_media":0,"comment_status":"open","ping_status":"closed","sticky":false,"template":"","format":"standard","meta":{"_bbp_topic_count":0,"_bbp_reply_count":0,"_bbp_total_topic_count":0,"_bbp_total_reply_count":0,"_bbp_voice_count":0,"_bbp_anonymous_reply_count":0,"_bbp_topic_count_hidden":0,"_bbp_reply_count_hidden":0,"_bbp_forum_subforum_count":0,"footnotes":""},"categories":[1,29],"tags":[],"class_list":["post-1982","post","type-post","status-publish","format-standard","hentry","category-general","category-portada"],"post_mailing_queue_ids":[],"_links":{"self":[{"href":"https:\/\/agora.xtec.cat\/iesvinyet\/wp-json\/wp\/v2\/posts\/1982","targetHints":{"allow":["GET"]}}],"collection":[{"href":"https:\/\/agora.xtec.cat\/iesvinyet\/wp-json\/wp\/v2\/posts"}],"about":[{"href":"https:\/\/agora.xtec.cat\/iesvinyet\/wp-json\/wp\/v2\/types\/post"}],"author":[{"embeddable":true,"href":"https:\/\/agora.xtec.cat\/iesvinyet\/wp-json\/wp\/v2\/users\/176"}],"replies":[{"embeddable":true,"href":"https:\/\/agora.xtec.cat\/iesvinyet\/wp-json\/wp\/v2\/comments?post=1982"}],"version-history":[{"count":1,"href":"https:\/\/agora.xtec.cat\/iesvinyet\/wp-json\/wp\/v2\/posts\/1982\/revisions"}],"predecessor-version":[{"id":1984,"href":"https:\/\/agora.xtec.cat\/iesvinyet\/wp-json\/wp\/v2\/posts\/1982\/revisions\/1984"}],"wp:attachment":[{"href":"https:\/\/agora.xtec.cat\/iesvinyet\/wp-json\/wp\/v2\/media?parent=1982"}],"wp:term":[{"taxonomy":"category","embeddable":true,"href":"https:\/\/agora.xtec.cat\/iesvinyet\/wp-json\/wp\/v2\/categories?post=1982"},{"taxonomy":"post_tag","embeddable":true,"href":"https:\/\/agora.xtec.cat\/iesvinyet\/wp-json\/wp\/v2\/tags?post=1982"}],"curies":[{"name":"wp","href":"https:\/\/api.w.org\/{rel}","templated":true}]}}