{"id":1924,"date":"2018-11-19T10:26:47","date_gmt":"2018-11-19T09:26:47","guid":{"rendered":"http:\/\/agora.xtec.cat\/iesvinyet\/?p=1924"},"modified":"2018-11-22T09:15:54","modified_gmt":"2018-11-22T08:15:54","slug":"el-cine-un-mitja-de-protesta","status":"publish","type":"post","link":"https:\/\/agora.xtec.cat\/iesvinyet\/general\/el-cine-un-mitja-de-protesta\/","title":{"rendered":"EL CINE, UN MITJ\u00c0 DE PROTESTA?"},"content":{"rendered":"<p style=\"text-align: justify;\">Des de fa anys, el nostre institut treballa en un projecte que commemora el Dia Internacional de l\u2019Eliminaci\u00f3 de la Viol\u00e8ncia contra la Dona que se celebra el 25 de novembre. Els nostres professors es converteixen en directors de cine i els alumnes, en actrius i actors aclamats. Des de principi de curs fins a mitjans de novembre, \u00a0els alumnes de 4t tenen com a objectiu produir un curtmetratge sobre la viol\u00e8ncia de g\u00e8nere i l&#8217;impacte en els adolescents.<\/p>\n<p style=\"text-align: justify;\">Per saber-ne m\u00e9s sobre aquest projecte, hem fet una entrevista a les professores que coordinen l\u2019activitat, l&#8217;Imma Ravent\u00f3s i la Montse Buis\u00e1n. L&#8217;Imma \u00e9s professora de Pl\u00e0stica i de M\u00fasica al centre per\u00f2, tres hores a la setmana, es \u00a0converteix en ajudant de directora de cine. Li hem preguntat sobre la seva participaci\u00f3 i experi\u00e8ncia els altres anys i aquesta ha sigut la seva resposta:<\/p>\n<p style=\"text-align: justify;\">\u00a0\u00a0\u201cVaig comen\u00e7ar amb el projecte l\u2019any passat i tot va anar molt b\u00e9. La import\u00e0ncia d\u2019aquesta activitat \u00e9s que els alumnes aprenguin a escoltar i respectar els seus companys i puguin treballar en equip, cosa que els ajudar\u00e0 molt en el futur.\u201d<\/p>\n<p style=\"text-align: justify;\">Els alumnes considerem que \u00e9s un projecte molt ambici\u00f3s i productiu, que no nom\u00e9s ajuda els alumnes a explorar el camp de la cinematografia, sin\u00f3 que lluita per un tema que ens afecta a tots i ens uneix com a grup d\u2019iguals.<\/p>\n<p style=\"text-align: justify;\"><em>Anna Pons,<\/em> 9 <em>de novembre del 2018<\/em><\/p>\n","protected":false},"excerpt":{"rendered":"<p>Des de fa anys, el nostre institut treballa en un projecte que commemora el Dia Internacional de l\u2019Eliminaci\u00f3 de la Viol\u00e8ncia contra la Dona que se celebra el 25 de novembre. Els nostres professors es converteixen en directors de cine, i els alumnes en actrius i actors aclamats. Des de principi de curs fins a mitjans de novembre, \u00a0els alumnes de 4rt tenen com a objectiu produir una pel\u00b7l\u00edcula curta sobre la viol\u00e8ncia de g\u00e8nere i el seu eco en els adolescents.<\/p>\n<p>&hellip;  <a href=\"https:\/\/agora.xtec.cat\/iesvinyet\/general\/el-cine-un-mitja-de-protesta\/\" title=\"Read EL CINE, UN MITJ\u00c0 DE PROTESTA?\">Llegeix m\u00e9s\u00bb<\/a><\/p>\n","protected":false},"author":13,"featured_media":1925,"comment_status":"open","ping_status":"closed","sticky":false,"template":"","format":"standard","meta":{"_bbp_topic_count":0,"_bbp_reply_count":0,"_bbp_total_topic_count":0,"_bbp_total_reply_count":0,"_bbp_voice_count":0,"_bbp_anonymous_reply_count":0,"_bbp_topic_count_hidden":0,"_bbp_reply_count_hidden":0,"_bbp_forum_subforum_count":0,"footnotes":""},"categories":[1,29],"tags":[117],"class_list":["post-1924","post","type-post","status-publish","format-standard","has-post-thumbnail","hentry","category-general","category-portada","tag-activitats"],"post_mailing_queue_ids":[],"_links":{"self":[{"href":"https:\/\/agora.xtec.cat\/iesvinyet\/wp-json\/wp\/v2\/posts\/1924","targetHints":{"allow":["GET"]}}],"collection":[{"href":"https:\/\/agora.xtec.cat\/iesvinyet\/wp-json\/wp\/v2\/posts"}],"about":[{"href":"https:\/\/agora.xtec.cat\/iesvinyet\/wp-json\/wp\/v2\/types\/post"}],"author":[{"embeddable":true,"href":"https:\/\/agora.xtec.cat\/iesvinyet\/wp-json\/wp\/v2\/users\/13"}],"replies":[{"embeddable":true,"href":"https:\/\/agora.xtec.cat\/iesvinyet\/wp-json\/wp\/v2\/comments?post=1924"}],"version-history":[{"count":2,"href":"https:\/\/agora.xtec.cat\/iesvinyet\/wp-json\/wp\/v2\/posts\/1924\/revisions"}],"predecessor-version":[{"id":1932,"href":"https:\/\/agora.xtec.cat\/iesvinyet\/wp-json\/wp\/v2\/posts\/1924\/revisions\/1932"}],"wp:featuredmedia":[{"embeddable":true,"href":"https:\/\/agora.xtec.cat\/iesvinyet\/wp-json\/wp\/v2\/media\/1925"}],"wp:attachment":[{"href":"https:\/\/agora.xtec.cat\/iesvinyet\/wp-json\/wp\/v2\/media?parent=1924"}],"wp:term":[{"taxonomy":"category","embeddable":true,"href":"https:\/\/agora.xtec.cat\/iesvinyet\/wp-json\/wp\/v2\/categories?post=1924"},{"taxonomy":"post_tag","embeddable":true,"href":"https:\/\/agora.xtec.cat\/iesvinyet\/wp-json\/wp\/v2\/tags?post=1924"}],"curies":[{"name":"wp","href":"https:\/\/api.w.org\/{rel}","templated":true}]}}