{"id":1889,"date":"2018-11-05T19:54:24","date_gmt":"2018-11-05T18:54:24","guid":{"rendered":"http:\/\/agora.xtec.cat\/iesvinyet\/?p=1889"},"modified":"2018-11-05T20:04:54","modified_gmt":"2018-11-05T19:04:54","slug":"eleccions-consell-escolar","status":"publish","type":"post","link":"https:\/\/agora.xtec.cat\/iesvinyet\/general\/eleccions-consell-escolar\/","title":{"rendered":"ELECCIONS CONSELL ESCOLAR"},"content":{"rendered":"<p>El proper 27 de novembre hi ha <strong>eleccions al Consell Escolar <\/strong>del centre. Animem a tots els sectors de la comunitat educativa -personal docent, pares i mares, alumnat, personal d&#8217;aministraci\u00f3 i servei, i personal d&#8217;atenci\u00f3 educativa complement\u00e0ria- a presentar les seves candidatures a l&#8217;elecci\u00f3. El termini per fer-ho acaba el\u00a0<strong>16 de novembre<\/strong>.<\/p>\n<p><a href=\"https:\/\/agora.xtec.cat\/iesvinyet\/wp-content\/uploads\/usu987\/2018\/11\/votaci\u00f3.jpeg\"><img loading=\"lazy\" decoding=\"async\" class=\"wp-image-1891 aligncenter\" src=\"https:\/\/agora.xtec.cat\/iesvinyet\/wp-content\/uploads\/usu987\/2018\/11\/votaci\u00f3.jpeg\" alt=\"\" width=\"229\" height=\"144\" srcset=\"https:\/\/agora.xtec.cat\/iesvinyet\/wp-content\/uploads\/usu987\/2018\/11\/votaci\u00f3.jpeg 726w, https:\/\/agora.xtec.cat\/iesvinyet\/wp-content\/uploads\/usu987\/2018\/11\/votaci\u00f3-300x188.jpeg 300w\" sizes=\"auto, (max-width: 229px) 100vw, 229px\" \/><\/a><\/p>\n<p>Al tauler d&#8217;anuncis del centre es pot consultar el cens electoral del sector alumnat i del sector pares i mares.<\/p>\n<p>&nbsp;<\/p>\n","protected":false},"excerpt":{"rendered":"<p>El proper 27 de novembre hi ha eleccions al Consell Escolar del centre. Animem a tots els sectors de la comunitat educativa -personal docent, pares i mares, alumnat, personal d&#8217;aministraci\u00f3 i servei, i personal d&#8217;atenci\u00f3 educativa complement\u00e0ria- a presentar les seves candidatures a l&#8217;elecci\u00f3. El&hellip;  <a href=\"https:\/\/agora.xtec.cat\/iesvinyet\/general\/eleccions-consell-escolar\/\" title=\"Read ELECCIONS CONSELL ESCOLAR\">Llegeix m\u00e9s\u00bb<\/a><\/p>\n","protected":false},"author":176,"featured_media":0,"comment_status":"closed","ping_status":"closed","sticky":false,"template":"","format":"standard","meta":{"_bbp_topic_count":0,"_bbp_reply_count":0,"_bbp_total_topic_count":0,"_bbp_total_reply_count":0,"_bbp_voice_count":0,"_bbp_anonymous_reply_count":0,"_bbp_topic_count_hidden":0,"_bbp_reply_count_hidden":0,"_bbp_forum_subforum_count":0,"footnotes":""},"categories":[1,29],"tags":[],"class_list":["post-1889","post","type-post","status-publish","format-standard","hentry","category-general","category-portada"],"post_mailing_queue_ids":[],"_links":{"self":[{"href":"https:\/\/agora.xtec.cat\/iesvinyet\/wp-json\/wp\/v2\/posts\/1889","targetHints":{"allow":["GET"]}}],"collection":[{"href":"https:\/\/agora.xtec.cat\/iesvinyet\/wp-json\/wp\/v2\/posts"}],"about":[{"href":"https:\/\/agora.xtec.cat\/iesvinyet\/wp-json\/wp\/v2\/types\/post"}],"author":[{"embeddable":true,"href":"https:\/\/agora.xtec.cat\/iesvinyet\/wp-json\/wp\/v2\/users\/176"}],"replies":[{"embeddable":true,"href":"https:\/\/agora.xtec.cat\/iesvinyet\/wp-json\/wp\/v2\/comments?post=1889"}],"version-history":[{"count":3,"href":"https:\/\/agora.xtec.cat\/iesvinyet\/wp-json\/wp\/v2\/posts\/1889\/revisions"}],"predecessor-version":[{"id":1898,"href":"https:\/\/agora.xtec.cat\/iesvinyet\/wp-json\/wp\/v2\/posts\/1889\/revisions\/1898"}],"wp:attachment":[{"href":"https:\/\/agora.xtec.cat\/iesvinyet\/wp-json\/wp\/v2\/media?parent=1889"}],"wp:term":[{"taxonomy":"category","embeddable":true,"href":"https:\/\/agora.xtec.cat\/iesvinyet\/wp-json\/wp\/v2\/categories?post=1889"},{"taxonomy":"post_tag","embeddable":true,"href":"https:\/\/agora.xtec.cat\/iesvinyet\/wp-json\/wp\/v2\/tags?post=1889"}],"curies":[{"name":"wp","href":"https:\/\/api.w.org\/{rel}","templated":true}]}}