{"id":1867,"date":"2018-11-02T12:21:50","date_gmt":"2018-11-02T11:21:50","guid":{"rendered":"http:\/\/agora.xtec.cat\/iesvinyet\/?p=1867"},"modified":"2018-11-02T12:39:39","modified_gmt":"2018-11-02T11:39:39","slug":"gracies-2","status":"publish","type":"post","link":"https:\/\/agora.xtec.cat\/iesvinyet\/general\/gracies-2\/","title":{"rendered":"GR\u00c0CIES!"},"content":{"rendered":"<p>Els alumnes d&#8217;<strong>Emprenedoria<\/strong> de 3r d&#8217;ESO i tots nosaltres us volem donar les <strong>gr\u00e0cies<\/strong> per haver fet una mica m\u00e9s gran la 6a cursa solid\u00e0ria de les Nits de la Lluna Plena.<\/p>\n<p>M\u00e9s de 1500 persones vau omplir el pati de l&#8217;Institut i us vam poder anunciar que el gimn\u00e0s del nostre centre ser\u00e0 a partir d&#8217;ara el <strong>Gimn\u00e0s Pol Lahoz<\/strong>.<\/p>\n<p>Gr\u00e0cies per tanta solidaritat!<\/p>\n<p>&nbsp;<\/p>\n<p><a href=\"https:\/\/agora.xtec.cat\/iesvinyet\/wp-content\/uploads\/usu987\/2018\/11\/Lluna-plena-2018.png\"><img loading=\"lazy\" decoding=\"async\" class=\"alignnone size-full wp-image-1868\" src=\"https:\/\/agora.xtec.cat\/iesvinyet\/wp-content\/uploads\/usu987\/2018\/11\/Lluna-plena-2018.png\" alt=\"\" width=\"523\" height=\"556\" srcset=\"https:\/\/agora.xtec.cat\/iesvinyet\/wp-content\/uploads\/usu987\/2018\/11\/Lluna-plena-2018.png 523w, https:\/\/agora.xtec.cat\/iesvinyet\/wp-content\/uploads\/usu987\/2018\/11\/Lluna-plena-2018-282x300.png 282w\" sizes=\"auto, (max-width: 523px) 100vw, 523px\" \/><\/a><\/p>\n<p>&nbsp;<\/p>\n\r\n\t<div class=\"slideshow_container slideshow_container_style-light\" style=\"height: 300px; \" data-slideshow-id=\"1871\" data-style-name=\"style-light\" data-style-version=\"2.3.1\" >\r\n\r\n\t\t\t\t\t<div class=\"slideshow_loading_icon\"><\/div>\r\n\t\t\r\n\t\t<div class=\"slideshow_content\" style=\"display: none;\">\r\n\r\n\t\t\t<div class=\"slideshow_view\">\r\n\t\t\t\t<div class=\"slideshow_slide slideshow_slide_image\">\r\n\t\t\t\t\t\t\t\t\t\t\t<img src=\"https:\/\/agora.xtec.cat\/iesvinyet\/wp-content\/uploads\/usu987\/2018\/11\/Lluna-Plena-alumnes.jpg\" alt=\"Lluna Plena alumnes\" width=\"615\" height=\"461\" \/>\r\n\t\t\t\t\t\t\t\t\t\t<div class=\"slideshow_description_box slideshow_transparent\">\r\n\t\t\t\t\t\t<div class=\"slideshow_title\">Lluna Plena alumnes<\/div>\t\t\t\t\t\t\t\t\t\t\t<\/div>\r\n\t\t\t\t<\/div>\r\n\r\n\t\t\t\t\t\t<div style=\"clear: both;\"><\/div><\/div><div class=\"slideshow_view\">\r\n\t\t\t\t<div class=\"slideshow_slide slideshow_slide_image\">\r\n\t\t\t\t\t\t\t\t\t\t\t<img src=\"https:\/\/agora.xtec.cat\/iesvinyet\/wp-content\/uploads\/usu987\/2018\/11\/Cursa-lluna-plena.jpg\" alt=\"Cursa lluna plena\" width=\"727\" height=\"534\" \/>\r\n\t\t\t\t\t\t\t\t\t\t<div class=\"slideshow_description_box slideshow_transparent\">\r\n\t\t\t\t\t\t<div class=\"slideshow_title\">Cursa lluna plena<\/div>\t\t\t\t\t\t\t\t\t\t\t<\/div>\r\n\t\t\t\t<\/div>\r\n\r\n\t\t\t\t\t\t<div style=\"clear: both;\"><\/div><\/div><div class=\"slideshow_view\">\r\n\t\t\t\t<div class=\"slideshow_slide slideshow_slide_image\">\r\n\t\t\t\t\t\t\t\t\t\t\t<img src=\"https:\/\/agora.xtec.cat\/iesvinyet\/wp-content\/uploads\/usu987\/2018\/11\/Lluna-plena-2018.png\" alt=\"Lluna plena 2018\" width=\"523\" height=\"556\" \/>\r\n\t\t\t\t\t\t\t\t\t\t<div class=\"slideshow_description_box slideshow_transparent\">\r\n\t\t\t\t\t\t<div class=\"slideshow_title\">Lluna plena 2018<\/div>\t\t\t\t\t\t\t\t\t\t\t<\/div>\r\n\t\t\t\t<\/div>\r\n\r\n\t\t\t\t\t\t<div style=\"clear: both;\"><\/div><\/div><div class=\"slideshow_view\">\r\n\t\t\t\t<div class=\"slideshow_slide slideshow_slide_image\">\r\n\t\t\t\t\t\t\t\t\t\t\t<img src=\"https:\/\/agora.xtec.cat\/iesvinyet\/wp-content\/uploads\/usu987\/2018\/10\/Cursa-Lluna-Plena-2018.jpg\" alt=\"Cursa Lluna Plena 2018\" width=\"668\" height=\"329\" \/>\r\n\t\t\t\t\t\t\t\t\t\t<div class=\"slideshow_description_box slideshow_transparent\">\r\n\t\t\t\t\t\t<div class=\"slideshow_title\">Cursa Lluna Plena 2018<\/div>\t\t\t\t\t\t\t\t\t\t\t<\/div>\r\n\t\t\t\t<\/div>\r\n\r\n\t\t\t\t\t\t<div style=\"clear: both;\"><\/div><\/div>\r\n\t\t<\/div>\r\n\r\n\t\t<div class=\"slideshow_controlPanel slideshow_transparent\" style=\"display: none;\"><ul><li class=\"slideshow_togglePlay\" data-play-text=\"Visualitza\" data-pause-text=\"Pausa\"><\/li><\/ul><\/div>\r\n\r\n\t\t<div class=\"slideshow_button slideshow_previous slideshow_transparent\" role=\"button\" data-previous-text=\"Anterior\" style=\"display: none;\"><\/div>\r\n\t\t<div class=\"slideshow_button slideshow_next slideshow_transparent\" role=\"button\" data-next-text=\"Seg\u00fcent\" style=\"display: none;\"><\/div>\r\n\r\n\t\t<div class=\"slideshow_pagination\" style=\"display: none;\" data-go-to-text=\"V\u00e9s a la diapositiva\"><div class=\"slideshow_pagination_center\"><\/div><\/div>\r\n\r\n\t\t<!-- WordPress Slideshow Version 2.3.1 -->\r\n\r\n\t\t\t<\/div>\r\n\r\n\n","protected":false},"excerpt":{"rendered":"<p>Els alumnes d&#8217;Emprenedoria de 3r d&#8217;ESO i tots nosaltres us volem donar les gr\u00e0cies per haver fet una mica m\u00e9s gran la 6a cursa solid\u00e0ria de les Nits de la Lluna Plena.<br \/>\nM\u00e9s de 1500 persones vau omplir el pati de l&#8217;Institut i us vam poder&hellip;  <a href=\"https:\/\/agora.xtec.cat\/iesvinyet\/general\/gracies-2\/\" title=\"Read GR\u00c0CIES!\">Llegeix m\u00e9s\u00bb<\/a><\/p>\n","protected":false},"author":176,"featured_media":0,"comment_status":"closed","ping_status":"closed","sticky":false,"template":"","format":"standard","meta":{"_bbp_topic_count":0,"_bbp_reply_count":0,"_bbp_total_topic_count":0,"_bbp_total_reply_count":0,"_bbp_voice_count":0,"_bbp_anonymous_reply_count":0,"_bbp_topic_count_hidden":0,"_bbp_reply_count_hidden":0,"_bbp_forum_subforum_count":0,"footnotes":""},"categories":[66,1,29],"tags":[],"class_list":["post-1867","post","type-post","status-publish","format-standard","hentry","category-activitats_sortides","category-general","category-portada"],"post_mailing_queue_ids":[],"_links":{"self":[{"href":"https:\/\/agora.xtec.cat\/iesvinyet\/wp-json\/wp\/v2\/posts\/1867","targetHints":{"allow":["GET"]}}],"collection":[{"href":"https:\/\/agora.xtec.cat\/iesvinyet\/wp-json\/wp\/v2\/posts"}],"about":[{"href":"https:\/\/agora.xtec.cat\/iesvinyet\/wp-json\/wp\/v2\/types\/post"}],"author":[{"embeddable":true,"href":"https:\/\/agora.xtec.cat\/iesvinyet\/wp-json\/wp\/v2\/users\/176"}],"replies":[{"embeddable":true,"href":"https:\/\/agora.xtec.cat\/iesvinyet\/wp-json\/wp\/v2\/comments?post=1867"}],"version-history":[{"count":2,"href":"https:\/\/agora.xtec.cat\/iesvinyet\/wp-json\/wp\/v2\/posts\/1867\/revisions"}],"predecessor-version":[{"id":1874,"href":"https:\/\/agora.xtec.cat\/iesvinyet\/wp-json\/wp\/v2\/posts\/1867\/revisions\/1874"}],"wp:attachment":[{"href":"https:\/\/agora.xtec.cat\/iesvinyet\/wp-json\/wp\/v2\/media?parent=1867"}],"wp:term":[{"taxonomy":"category","embeddable":true,"href":"https:\/\/agora.xtec.cat\/iesvinyet\/wp-json\/wp\/v2\/categories?post=1867"},{"taxonomy":"post_tag","embeddable":true,"href":"https:\/\/agora.xtec.cat\/iesvinyet\/wp-json\/wp\/v2\/tags?post=1867"}],"curies":[{"name":"wp","href":"https:\/\/api.w.org\/{rel}","templated":true}]}}