{"id":1861,"date":"2018-11-02T11:50:35","date_gmt":"2018-11-02T10:50:35","guid":{"rendered":"http:\/\/agora.xtec.cat\/iesvinyet\/?p=1861"},"modified":"2018-11-05T20:08:23","modified_gmt":"2018-11-05T19:08:23","slug":"saca-la-lengua-con-los-grandes-del-cine","status":"publish","type":"post","link":"https:\/\/agora.xtec.cat\/iesvinyet\/general\/saca-la-lengua-con-los-grandes-del-cine\/","title":{"rendered":"\u00a1SACA LA LENGUA! CON LOS GRANDES DEL CINE"},"content":{"rendered":"<div id=\":1d5\" class=\"ii gt\">\n<div id=\":1d4\" class=\"a3s aXjCH m166622989658469b\" tabindex=\"-1\" role=\"gridcell\">\n<div dir=\"ltr\">\n<div><a href=\"https:\/\/agora.xtec.cat\/iesvinyet\/wp-content\/uploads\/usu987\/2018\/11\/Saca-la-lengua.jpg\"><img loading=\"lazy\" decoding=\"async\" class=\"alignnone size-full wp-image-1862\" src=\"https:\/\/agora.xtec.cat\/iesvinyet\/wp-content\/uploads\/usu987\/2018\/11\/Saca-la-lengua.jpg\" alt=\"\" width=\"666\" height=\"500\" srcset=\"https:\/\/agora.xtec.cat\/iesvinyet\/wp-content\/uploads\/usu987\/2018\/11\/Saca-la-lengua.jpg 666w, https:\/\/agora.xtec.cat\/iesvinyet\/wp-content\/uploads\/usu987\/2018\/11\/Saca-la-lengua-300x225.jpg 300w, https:\/\/agora.xtec.cat\/iesvinyet\/wp-content\/uploads\/usu987\/2018\/11\/Saca-la-lengua-200x150.jpg 200w\" sizes=\"auto, (max-width: 666px) 100vw, 666px\" \/><\/a><\/div>\n<div><\/div>\n<div><\/div>\n<div><\/div>\n<div>Los alumnos de la optativa de 1\u00ba de la ESO <strong>\u00a1<span class=\"il\">SACA<\/span>\u00a0LA\u00a0<span class=\"il\">LENGUA<\/span>!<\/strong> prepararon entrevistas para realizar a espectadores, trabajadores, directores, actores y actrices de la 51 edici\u00f3n del <strong>Festival de Cinema Fant\u00e0stic de Sitges<\/strong>. Los alumnos preguntaron por la organizaci\u00f3n del festival, por las dificultades a la hora de realizar o actuar en una pel\u00edcula y sobre la importancia de nuestra ciudad, frente a Madrid o Barcelona, en la realizaci\u00f3n de festivales de este tipo. Contestaron a sus preguntas, entre otros, los directores de cine J. A. Bayona y Javier Ruiz Caldera.<\/div>\n<\/div>\n<div>Tot aquest material el podreu escoltar per <strong>R\u00c0DIO VINYET el dimarts 6 de novembre.\u00a0<\/strong><\/div>\n<div><\/div>\n<\/div>\n<\/div>\n<div id=\":1ed\" class=\"hq gt\"><\/div>\n","protected":false},"excerpt":{"rendered":"<p><a href=\"https:\/\/agora.xtec.cat\/iesvinyet\/wp-content\/uploads\/usu987\/2018\/11\/Saca-la-lengua.jpg\"><\/a><\/p>\n<p>Los alumnos de la optativa de 1\u00ba de la ESO \u00a1SACA\u00a0LA\u00a0LENGUA! prepararon entrevistas para realizar a espectadores, trabajadores, directores, actores y actrices de la 51 edici\u00f3n del Festival de Cinema Fant\u00e0stic de Sitges. Los alumnos preguntaron por la organizaci\u00f3n del festival, por las dificultades&hellip;  <a href=\"https:\/\/agora.xtec.cat\/iesvinyet\/general\/saca-la-lengua-con-los-grandes-del-cine\/\" title=\"Read \u00a1SACA LA LENGUA! CON LOS GRANDES DEL CINE\">Llegeix m\u00e9s\u00bb<\/a><\/p>\n","protected":false},"author":176,"featured_media":1862,"comment_status":"open","ping_status":"closed","sticky":false,"template":"","format":"standard","meta":{"_bbp_topic_count":0,"_bbp_reply_count":0,"_bbp_total_topic_count":0,"_bbp_total_reply_count":0,"_bbp_voice_count":0,"_bbp_anonymous_reply_count":0,"_bbp_topic_count_hidden":0,"_bbp_reply_count_hidden":0,"_bbp_forum_subforum_count":0,"footnotes":""},"categories":[1,29],"tags":[],"class_list":["post-1861","post","type-post","status-publish","format-standard","has-post-thumbnail","hentry","category-general","category-portada"],"post_mailing_queue_ids":[],"_links":{"self":[{"href":"https:\/\/agora.xtec.cat\/iesvinyet\/wp-json\/wp\/v2\/posts\/1861","targetHints":{"allow":["GET"]}}],"collection":[{"href":"https:\/\/agora.xtec.cat\/iesvinyet\/wp-json\/wp\/v2\/posts"}],"about":[{"href":"https:\/\/agora.xtec.cat\/iesvinyet\/wp-json\/wp\/v2\/types\/post"}],"author":[{"embeddable":true,"href":"https:\/\/agora.xtec.cat\/iesvinyet\/wp-json\/wp\/v2\/users\/176"}],"replies":[{"embeddable":true,"href":"https:\/\/agora.xtec.cat\/iesvinyet\/wp-json\/wp\/v2\/comments?post=1861"}],"version-history":[{"count":3,"href":"https:\/\/agora.xtec.cat\/iesvinyet\/wp-json\/wp\/v2\/posts\/1861\/revisions"}],"predecessor-version":[{"id":1899,"href":"https:\/\/agora.xtec.cat\/iesvinyet\/wp-json\/wp\/v2\/posts\/1861\/revisions\/1899"}],"wp:featuredmedia":[{"embeddable":true,"href":"https:\/\/agora.xtec.cat\/iesvinyet\/wp-json\/wp\/v2\/media\/1862"}],"wp:attachment":[{"href":"https:\/\/agora.xtec.cat\/iesvinyet\/wp-json\/wp\/v2\/media?parent=1861"}],"wp:term":[{"taxonomy":"category","embeddable":true,"href":"https:\/\/agora.xtec.cat\/iesvinyet\/wp-json\/wp\/v2\/categories?post=1861"},{"taxonomy":"post_tag","embeddable":true,"href":"https:\/\/agora.xtec.cat\/iesvinyet\/wp-json\/wp\/v2\/tags?post=1861"}],"curies":[{"name":"wp","href":"https:\/\/api.w.org\/{rel}","templated":true}]}}