{"id":1777,"date":"2018-09-13T09:22:50","date_gmt":"2018-09-13T07:22:50","guid":{"rendered":"http:\/\/agora.xtec.cat\/iesvinyet\/?p=1777"},"modified":"2018-09-13T09:24:08","modified_gmt":"2018-09-13T07:24:08","slug":"ajuts-per-a-alumnes-amb-necessitat-especifica-de-suport-educatiu","status":"publish","type":"post","link":"https:\/\/agora.xtec.cat\/iesvinyet\/general\/ajuts-per-a-alumnes-amb-necessitat-especifica-de-suport-educatiu\/","title":{"rendered":"Ajuts per a alumnes amb necessitat espec\u00edfica de suport educatiu"},"content":{"rendered":"<p><a href=\"http:\/\/agora.xtec.cat\/iesvinyet\/wp-content\/uploads\/usu987\/2018\/09\/novetat_xarxessocials.jpg_191393041.jpg\"><img loading=\"lazy\" decoding=\"async\" class=\"wp-image-1778 alignleft\" src=\"http:\/\/agora.xtec.cat\/iesvinyet\/wp-content\/uploads\/usu987\/2018\/09\/novetat_xarxessocials.jpg_191393041-300x233.jpg\" alt=\"\" width=\"122\" height=\"95\" srcset=\"https:\/\/agora.xtec.cat\/iesvinyet\/wp-content\/uploads\/usu987\/2018\/09\/novetat_xarxessocials.jpg_191393041-300x233.jpg 300w, https:\/\/agora.xtec.cat\/iesvinyet\/wp-content\/uploads\/usu987\/2018\/09\/novetat_xarxessocials.jpg_191393041.jpg 555w\" sizes=\"auto, (max-width: 122px) 100vw, 122px\" \/><\/a><\/p>\n<div class=\"element-llegir-mes\">\n<div class=\"text-tallat\">\n<div class=\"text-complet\">\n<p>Ajuts individualitzats convocats pel Ministeri d&#8217;Educaci\u00f3 i Formaci\u00f3 Professional per a alumnes amb necessitat espec\u00edfica de suport educatiu. Modalitats dels ajuts:<\/p>\n<ul class=\"llista-especial\">\n<li>Ajuts i subsidis per a alumnes amb necessitat espec\u00edfica de suport educatiu derivada de discapacitat o trastorn greu de conducta.<\/li>\n<li>Ajuts per a programes complementaris a alumnes amb necessitat espec\u00edfica de suport educatiu associada a altes capacitats.<\/li>\n<\/ul>\n<\/div>\n<\/div>\n<p><a href=\"http:\/\/ensenyament.gencat.cat\/ca\/tramits\/tramits-temes\/Ajuts-per-a-alumnes-amb-necessitat-especifica-de-suport-educatiu\"><strong><span class=\"boto-llegeix-mes\" data-expand=\"Llegiu-ne m\u00e9s\" data-contract=\"Llegiu-ne menys\">Llegiu-ne m\u00e9s<\/span><\/strong><\/a><\/p>\n<\/div>\n<div><\/div>\n<div class=\"avis-modalitats\">\n<div class=\"texte-avis-modalitats\">\n<p><strong>Termini per presentar la sol\u00b7licitud: del 15 d&#8217;agost al 27 de setembre de 2018!!!<\/strong><\/p>\n<\/div>\n<\/div>\n<div class=\"pos_relative tamany-pestaslider padding-xs\">\n<div class=\"\">\n<div class=\"pestanyes-slider-component shadowBox-sm\"><\/div>\n<\/div>\n<\/div>\n<p>&nbsp;<\/p>\n","protected":false},"excerpt":{"rendered":"<p><a href=\"http:\/\/agora.xtec.cat\/iesvinyet\/wp-content\/uploads\/usu987\/2018\/09\/novetat_xarxessocials.jpg_191393041.jpg\"><\/a><\/p>\n<p>Ajuts individualitzats convocats pel Ministeri d&#8217;Educaci\u00f3 i Formaci\u00f3 Professional per a alumnes amb necessitat espec\u00edfica de suport educatiu. Modalitats dels ajuts:<\/p>\n<ul class=\"llista-especial\">\n<li>Ajuts i subsidis per a alumnes amb necessitat espec\u00edfica de suport educatiu derivada de discapacitat o trastorn greu de conducta.<\/li>\n<li>Ajuts per a programes&hellip;  <a href=\"https:\/\/agora.xtec.cat\/iesvinyet\/general\/ajuts-per-a-alumnes-amb-necessitat-especifica-de-suport-educatiu\/\" title=\"Read Ajuts per a alumnes amb necessitat espec\u00edfica de suport educatiu\">Llegeix m\u00e9s\u00bb<\/a><br \/>\n","protected":false},"author":13,"featured_media":0,"comment_status":"open","ping_status":"closed","sticky":false,"template":"","format":"standard","meta":{"_bbp_topic_count":0,"_bbp_reply_count":0,"_bbp_total_topic_count":0,"_bbp_total_reply_count":0,"_bbp_voice_count":0,"_bbp_anonymous_reply_count":0,"_bbp_topic_count_hidden":0,"_bbp_reply_count_hidden":0,"_bbp_forum_subforum_count":0,"footnotes":""},"categories":[1,29],"tags":[119],"class_list":["post-1777","post","type-post","status-publish","format-standard","hentry","category-general","category-portada","tag-avisos"],"post_mailing_queue_ids":[],"_links":{"self":[{"href":"https:\/\/agora.xtec.cat\/iesvinyet\/wp-json\/wp\/v2\/posts\/1777","targetHints":{"allow":["GET"]}}],"collection":[{"href":"https:\/\/agora.xtec.cat\/iesvinyet\/wp-json\/wp\/v2\/posts"}],"about":[{"href":"https:\/\/agora.xtec.cat\/iesvinyet\/wp-json\/wp\/v2\/types\/post"}],"author":[{"embeddable":true,"href":"https:\/\/agora.xtec.cat\/iesvinyet\/wp-json\/wp\/v2\/users\/13"}],"replies":[{"embeddable":true,"href":"https:\/\/agora.xtec.cat\/iesvinyet\/wp-json\/wp\/v2\/comments?post=1777"}],"version-history":[{"count":2,"href":"https:\/\/agora.xtec.cat\/iesvinyet\/wp-json\/wp\/v2\/posts\/1777\/revisions"}],"predecessor-version":[{"id":1780,"href":"https:\/\/agora.xtec.cat\/iesvinyet\/wp-json\/wp\/v2\/posts\/1777\/revisions\/1780"}],"wp:attachment":[{"href":"https:\/\/agora.xtec.cat\/iesvinyet\/wp-json\/wp\/v2\/media?parent=1777"}],"wp:term":[{"taxonomy":"category","embeddable":true,"href":"https:\/\/agora.xtec.cat\/iesvinyet\/wp-json\/wp\/v2\/categories?post=1777"},{"taxonomy":"post_tag","embeddable":true,"href":"https:\/\/agora.xtec.cat\/iesvinyet\/wp-json\/wp\/v2\/tags?post=1777"}],"curies":[{"name":"wp","href":"https:\/\/api.w.org\/{rel}","templated":true}]}}