{"id":1757,"date":"2018-06-25T11:40:52","date_gmt":"2018-06-25T09:40:52","guid":{"rendered":"http:\/\/agora.xtec.cat\/iesvinyet\/?p=1757"},"modified":"2018-06-25T11:41:43","modified_gmt":"2018-06-25T09:41:43","slug":"actuacio-dels-alumnes-a-la-residencia-davis-les-magnolies","status":"publish","type":"post","link":"https:\/\/agora.xtec.cat\/iesvinyet\/general\/actuacio-dels-alumnes-a-la-residencia-davis-les-magnolies\/","title":{"rendered":"Actuaci\u00f3 d&#8217;alumnes a la Resid\u00e8ncia d&#8217;avis les Magn\u00f2lies"},"content":{"rendered":"<p>Els alumnes de coral i conjunt instrumental de l&#8217;Institut Vinyet han actuat a la Resid\u00e8ncia d&#8217;avis Les Magn\u00f2lies. Ha estat una bona experi\u00e8ncia de m\u00fasica i amistat intergeneracional. Hi tornarem!<\/p>\n<p><a href=\"https:\/\/photos.app.goo.gl\/a2nfF9GGciyuGR8B6\">IMATGES DE L&#8217;ACTE<\/a><\/p>\n","protected":false},"excerpt":{"rendered":"<p>Els alumnes de coral i conjunt instrumental de l&#8217;Institut Vinyet han actuat a la Resid\u00e8ncia d&#8217;avis Les Magn\u00f2lies. Ha estat una bona experi\u00e8ncia de m\u00fasica i amistat intergeneracional. Hi tornarem!<br \/>\n<a href=\"https:\/\/photos.app.goo.gl\/a2nfF9GGciyuGR8B6\">IMATGES DE L&#8217;ACTE<\/a><\/p>\n","protected":false},"author":13,"featured_media":1758,"comment_status":"open","ping_status":"closed","sticky":false,"template":"","format":"standard","meta":{"_bbp_topic_count":0,"_bbp_reply_count":0,"_bbp_total_topic_count":0,"_bbp_total_reply_count":0,"_bbp_voice_count":0,"_bbp_anonymous_reply_count":0,"_bbp_topic_count_hidden":0,"_bbp_reply_count_hidden":0,"_bbp_forum_subforum_count":0,"footnotes":""},"categories":[1,29],"tags":[117,39],"class_list":["post-1757","post","type-post","status-publish","format-standard","has-post-thumbnail","hentry","category-general","category-portada","tag-activitats","tag-sortides"],"post_mailing_queue_ids":[],"_links":{"self":[{"href":"https:\/\/agora.xtec.cat\/iesvinyet\/wp-json\/wp\/v2\/posts\/1757","targetHints":{"allow":["GET"]}}],"collection":[{"href":"https:\/\/agora.xtec.cat\/iesvinyet\/wp-json\/wp\/v2\/posts"}],"about":[{"href":"https:\/\/agora.xtec.cat\/iesvinyet\/wp-json\/wp\/v2\/types\/post"}],"author":[{"embeddable":true,"href":"https:\/\/agora.xtec.cat\/iesvinyet\/wp-json\/wp\/v2\/users\/13"}],"replies":[{"embeddable":true,"href":"https:\/\/agora.xtec.cat\/iesvinyet\/wp-json\/wp\/v2\/comments?post=1757"}],"version-history":[{"count":2,"href":"https:\/\/agora.xtec.cat\/iesvinyet\/wp-json\/wp\/v2\/posts\/1757\/revisions"}],"predecessor-version":[{"id":1760,"href":"https:\/\/agora.xtec.cat\/iesvinyet\/wp-json\/wp\/v2\/posts\/1757\/revisions\/1760"}],"wp:featuredmedia":[{"embeddable":true,"href":"https:\/\/agora.xtec.cat\/iesvinyet\/wp-json\/wp\/v2\/media\/1758"}],"wp:attachment":[{"href":"https:\/\/agora.xtec.cat\/iesvinyet\/wp-json\/wp\/v2\/media?parent=1757"}],"wp:term":[{"taxonomy":"category","embeddable":true,"href":"https:\/\/agora.xtec.cat\/iesvinyet\/wp-json\/wp\/v2\/categories?post=1757"},{"taxonomy":"post_tag","embeddable":true,"href":"https:\/\/agora.xtec.cat\/iesvinyet\/wp-json\/wp\/v2\/tags?post=1757"}],"curies":[{"name":"wp","href":"https:\/\/api.w.org\/{rel}","templated":true}]}}