{"id":1741,"date":"2018-06-25T11:06:02","date_gmt":"2018-06-25T09:06:02","guid":{"rendered":"http:\/\/agora.xtec.cat\/iesvinyet\/?p=1741"},"modified":"2018-06-25T11:07:00","modified_gmt":"2018-06-25T09:07:00","slug":"tallers-i-activitats-fi-de-curs","status":"publish","type":"post","link":"https:\/\/agora.xtec.cat\/iesvinyet\/general\/tallers-i-activitats-fi-de-curs\/","title":{"rendered":"Tallers i activitats fi de curs"},"content":{"rendered":"<p><span style=\"font-weight: 400;\">Els alumnes de l&#8217;INS vinyet han pogut gaudir de tallers i activitats des del dia 13 al 20 juny. Han estat uns dies plens activitat on professors, alumnes, personal de centre i talleristes externs han ofert als nostres alumnes tallers com el de sabons, cinema i col\u00b7loqui, karaoke, dansa org\u00e0nica, manualitats decoupage, ioga din\u00e0mic, perruqueria inversa, maquillatge i ungles, cuina sana, rebosteria, galetes, criptografia, r\u00e0dio, jocs de taula, tatuatges de henna, trufes, slack line, bosses arom\u00e0tiques, pizza, beatbox i activitats esportives com Bodycombat, i Zumba.<\/span><\/p>\n<p><span style=\"font-weight: 400;\"><strong><a href=\"https:\/\/photos.app.goo.gl\/ythEXYs5gJxKXpVJA\">AQU\u00cd US DEIXO LA GALERIA D&#8217;IMATGES<\/a><\/strong><br \/>\n<\/span><span style=\"font-weight: 400;\"><br \/>\n<\/span><span style=\"font-weight: 400;\">Cal destacar l&#8217;actuaci\u00f3 al gimn\u00e0s de Dani Lleonart, campi\u00f3 d&#8217;Espanya 2017 de la categoria Loopstation. Tot un privilegi que vingu\u00e9s a compartir amb nosaltres aquestes jornades i ens acost\u00e9s al seu m\u00f3n musical. M\u00e9s informaci\u00f3: <\/span><a href=\"http:\/\/www.pulmonbeatbox.com\/#top\"><span style=\"font-weight: 400;\">http:\/\/www.pulmonbeatbox.com\/#top<\/span><\/a><\/p>\n<p>&nbsp;<\/p>\n<table class=\" aligncenter\" style=\"height: 317px;\" width=\"836\">\n<tbody>\n<tr style=\"height: 322px;\">\n<td style=\"width: 322px; height: 322px;\">\u00a0<a href=\"http:\/\/agora.xtec.cat\/iesvinyet\/wp-content\/uploads\/usu987\/2018\/06\/pulmon.jpg\"><img loading=\"lazy\" decoding=\"async\" class=\"alignnone size-medium wp-image-1746\" src=\"http:\/\/agora.xtec.cat\/iesvinyet\/wp-content\/uploads\/usu987\/2018\/06\/pulmon-300x225.jpg\" alt=\"\" width=\"300\" height=\"225\" srcset=\"https:\/\/agora.xtec.cat\/iesvinyet\/wp-content\/uploads\/usu987\/2018\/06\/pulmon-300x225.jpg 300w, https:\/\/agora.xtec.cat\/iesvinyet\/wp-content\/uploads\/usu987\/2018\/06\/pulmon-200x150.jpg 200w, https:\/\/agora.xtec.cat\/iesvinyet\/wp-content\/uploads\/usu987\/2018\/06\/pulmon.jpg 603w\" sizes=\"auto, (max-width: 300px) 100vw, 300px\" \/><\/a><\/td>\n<td style=\"width: 251px; height: 322px;\">\u00a0<a href=\"http:\/\/agora.xtec.cat\/iesvinyet\/wp-content\/uploads\/usu987\/2018\/06\/IMG-20180617-WA0005.jpg\"><img loading=\"lazy\" decoding=\"async\" class=\"alignnone size-medium wp-image-1745\" src=\"http:\/\/agora.xtec.cat\/iesvinyet\/wp-content\/uploads\/usu987\/2018\/06\/IMG-20180617-WA0005-225x300.jpg\" alt=\"\" width=\"225\" height=\"300\" srcset=\"https:\/\/agora.xtec.cat\/iesvinyet\/wp-content\/uploads\/usu987\/2018\/06\/IMG-20180617-WA0005-225x300.jpg 225w, https:\/\/agora.xtec.cat\/iesvinyet\/wp-content\/uploads\/usu987\/2018\/06\/IMG-20180617-WA0005-768x1024.jpg 768w, https:\/\/agora.xtec.cat\/iesvinyet\/wp-content\/uploads\/usu987\/2018\/06\/IMG-20180617-WA0005.jpg 1200w\" sizes=\"auto, (max-width: 225px) 100vw, 225px\" \/><\/a><\/td>\n<td style=\"width: 253px; height: 322px;\">\u00a0<a href=\"http:\/\/agora.xtec.cat\/iesvinyet\/wp-content\/uploads\/usu987\/2018\/06\/IMG-20180617-WA0004.jpg\"><img loading=\"lazy\" decoding=\"async\" class=\"alignnone size-medium wp-image-1744\" src=\"http:\/\/agora.xtec.cat\/iesvinyet\/wp-content\/uploads\/usu987\/2018\/06\/IMG-20180617-WA0004-225x300.jpg\" alt=\"\" width=\"225\" height=\"300\" srcset=\"https:\/\/agora.xtec.cat\/iesvinyet\/wp-content\/uploads\/usu987\/2018\/06\/IMG-20180617-WA0004-225x300.jpg 225w, https:\/\/agora.xtec.cat\/iesvinyet\/wp-content\/uploads\/usu987\/2018\/06\/IMG-20180617-WA0004-768x1024.jpg 768w, https:\/\/agora.xtec.cat\/iesvinyet\/wp-content\/uploads\/usu987\/2018\/06\/IMG-20180617-WA0004.jpg 1200w\" sizes=\"auto, (max-width: 225px) 100vw, 225px\" \/><\/a><\/td>\n<\/tr>\n<\/tbody>\n<\/table>\n<p>&nbsp;<\/p>\n<p><span style=\"font-weight: 400;\">Tamb\u00e9 deixar const\u00e0ncia de l&#8217;\u00e8xit de participaci\u00f3 que van tenir les sessions de Zumba condu\u00efdes per la Sandra, la nostra administrativa que a m\u00e9s, \u00e9s monitora oficial d&#8217;aquesta disciplina. Moltes gr\u00e0cies!<\/span><\/p>\n<p>&nbsp;<\/p>\n<table>\n<tbody>\n<tr>\n<td>\u00a0<a href=\"http:\/\/agora.xtec.cat\/iesvinyet\/wp-content\/uploads\/usu987\/2018\/06\/IMG-20180615-WA0072.jpg\"><img loading=\"lazy\" decoding=\"async\" class=\"alignnone size-medium wp-image-1748\" src=\"http:\/\/agora.xtec.cat\/iesvinyet\/wp-content\/uploads\/usu987\/2018\/06\/IMG-20180615-WA0072-300x225.jpg\" alt=\"\" width=\"300\" height=\"225\" srcset=\"https:\/\/agora.xtec.cat\/iesvinyet\/wp-content\/uploads\/usu987\/2018\/06\/IMG-20180615-WA0072-300x225.jpg 300w, https:\/\/agora.xtec.cat\/iesvinyet\/wp-content\/uploads\/usu987\/2018\/06\/IMG-20180615-WA0072-768x576.jpg 768w, https:\/\/agora.xtec.cat\/iesvinyet\/wp-content\/uploads\/usu987\/2018\/06\/IMG-20180615-WA0072.jpg 1024w, https:\/\/agora.xtec.cat\/iesvinyet\/wp-content\/uploads\/usu987\/2018\/06\/IMG-20180615-WA0072-200x150.jpg 200w\" sizes=\"auto, (max-width: 300px) 100vw, 300px\" \/><\/a> \u00a0<a href=\"http:\/\/agora.xtec.cat\/iesvinyet\/wp-content\/uploads\/usu987\/2018\/06\/IMG-20180617-WA0002.jpg\"><img loading=\"lazy\" decoding=\"async\" class=\"alignnone size-medium wp-image-1750\" src=\"http:\/\/agora.xtec.cat\/iesvinyet\/wp-content\/uploads\/usu987\/2018\/06\/IMG-20180617-WA0002-300x252.jpg\" alt=\"\" width=\"300\" height=\"252\" srcset=\"https:\/\/agora.xtec.cat\/iesvinyet\/wp-content\/uploads\/usu987\/2018\/06\/IMG-20180617-WA0002-300x252.jpg 300w, https:\/\/agora.xtec.cat\/iesvinyet\/wp-content\/uploads\/usu987\/2018\/06\/IMG-20180617-WA0002-768x646.jpg 768w, https:\/\/agora.xtec.cat\/iesvinyet\/wp-content\/uploads\/usu987\/2018\/06\/IMG-20180617-WA0002-1024x861.jpg 1024w, https:\/\/agora.xtec.cat\/iesvinyet\/wp-content\/uploads\/usu987\/2018\/06\/IMG-20180617-WA0002.jpg 1080w\" sizes=\"auto, (max-width: 300px) 100vw, 300px\" \/><\/a> <a href=\"http:\/\/agora.xtec.cat\/iesvinyet\/wp-content\/uploads\/usu987\/2018\/06\/IMG-20180617-WA0003.jpg\"><img loading=\"lazy\" decoding=\"async\" class=\"alignnone size-medium wp-image-1751\" src=\"http:\/\/agora.xtec.cat\/iesvinyet\/wp-content\/uploads\/usu987\/2018\/06\/IMG-20180617-WA0003-300x225.jpg\" alt=\"\" width=\"300\" height=\"225\" srcset=\"https:\/\/agora.xtec.cat\/iesvinyet\/wp-content\/uploads\/usu987\/2018\/06\/IMG-20180617-WA0003-300x225.jpg 300w, https:\/\/agora.xtec.cat\/iesvinyet\/wp-content\/uploads\/usu987\/2018\/06\/IMG-20180617-WA0003-768x576.jpg 768w, https:\/\/agora.xtec.cat\/iesvinyet\/wp-content\/uploads\/usu987\/2018\/06\/IMG-20180617-WA0003-1024x768.jpg 1024w, https:\/\/agora.xtec.cat\/iesvinyet\/wp-content\/uploads\/usu987\/2018\/06\/IMG-20180617-WA0003-200x150.jpg 200w, https:\/\/agora.xtec.cat\/iesvinyet\/wp-content\/uploads\/usu987\/2018\/06\/IMG-20180617-WA0003.jpg 1600w\" sizes=\"auto, (max-width: 300px) 100vw, 300px\" \/><\/a> <a href=\"http:\/\/agora.xtec.cat\/iesvinyet\/wp-content\/uploads\/usu987\/2018\/06\/IMG-20180617-WA0006.jpg\"><img loading=\"lazy\" decoding=\"async\" class=\"alignnone size-medium wp-image-1752\" src=\"http:\/\/agora.xtec.cat\/iesvinyet\/wp-content\/uploads\/usu987\/2018\/06\/IMG-20180617-WA0006-300x300.jpg\" alt=\"\" width=\"300\" height=\"300\" \/><\/a><\/td>\n<\/tr>\n<\/tbody>\n<\/table>\n","protected":false},"excerpt":{"rendered":"<p>Els alumnes de l&#8217;INS vinyet han pogut gaudir de tallers i activitats des del dia 13 al 20 juny. Han estat uns dies plens activitat on professors, alumnes, personal de centre i talleristes externs han ofert als nostres alumnes tallers com el de sabons, cinema&hellip;  <a href=\"https:\/\/agora.xtec.cat\/iesvinyet\/general\/tallers-i-activitats-fi-de-curs\/\" title=\"Read Tallers i activitats fi de curs\">Llegeix m\u00e9s\u00bb<\/a><\/p>\n","protected":false},"author":13,"featured_media":1750,"comment_status":"open","ping_status":"closed","sticky":false,"template":"","format":"standard","meta":{"_bbp_topic_count":0,"_bbp_reply_count":0,"_bbp_total_topic_count":0,"_bbp_total_reply_count":0,"_bbp_voice_count":0,"_bbp_anonymous_reply_count":0,"_bbp_topic_count_hidden":0,"_bbp_reply_count_hidden":0,"_bbp_forum_subforum_count":0,"footnotes":""},"categories":[1,29],"tags":[117],"class_list":["post-1741","post","type-post","status-publish","format-standard","has-post-thumbnail","hentry","category-general","category-portada","tag-activitats"],"post_mailing_queue_ids":[],"_links":{"self":[{"href":"https:\/\/agora.xtec.cat\/iesvinyet\/wp-json\/wp\/v2\/posts\/1741","targetHints":{"allow":["GET"]}}],"collection":[{"href":"https:\/\/agora.xtec.cat\/iesvinyet\/wp-json\/wp\/v2\/posts"}],"about":[{"href":"https:\/\/agora.xtec.cat\/iesvinyet\/wp-json\/wp\/v2\/types\/post"}],"author":[{"embeddable":true,"href":"https:\/\/agora.xtec.cat\/iesvinyet\/wp-json\/wp\/v2\/users\/13"}],"replies":[{"embeddable":true,"href":"https:\/\/agora.xtec.cat\/iesvinyet\/wp-json\/wp\/v2\/comments?post=1741"}],"version-history":[{"count":1,"href":"https:\/\/agora.xtec.cat\/iesvinyet\/wp-json\/wp\/v2\/posts\/1741\/revisions"}],"predecessor-version":[{"id":1753,"href":"https:\/\/agora.xtec.cat\/iesvinyet\/wp-json\/wp\/v2\/posts\/1741\/revisions\/1753"}],"wp:featuredmedia":[{"embeddable":true,"href":"https:\/\/agora.xtec.cat\/iesvinyet\/wp-json\/wp\/v2\/media\/1750"}],"wp:attachment":[{"href":"https:\/\/agora.xtec.cat\/iesvinyet\/wp-json\/wp\/v2\/media?parent=1741"}],"wp:term":[{"taxonomy":"category","embeddable":true,"href":"https:\/\/agora.xtec.cat\/iesvinyet\/wp-json\/wp\/v2\/categories?post=1741"},{"taxonomy":"post_tag","embeddable":true,"href":"https:\/\/agora.xtec.cat\/iesvinyet\/wp-json\/wp\/v2\/tags?post=1741"}],"curies":[{"name":"wp","href":"https:\/\/api.w.org\/{rel}","templated":true}]}}