{"id":1697,"date":"2018-06-17T10:44:01","date_gmt":"2018-06-17T08:44:01","guid":{"rendered":"http:\/\/agora.xtec.cat\/iesvinyet\/?p=1697"},"modified":"2018-06-17T10:44:42","modified_gmt":"2018-06-17T08:44:42","slug":"grease-musical-2018","status":"publish","type":"post","link":"https:\/\/agora.xtec.cat\/iesvinyet\/general\/grease-musical-2018\/","title":{"rendered":"Grease Musical 2018"},"content":{"rendered":"<div dir=\"auto\"><\/div>\n<div dir=\"auto\">\u00a0Un recull dels millors moments&#8230;<\/div>\n<div dir=\"auto\"><\/div>\n<p><iframe loading=\"lazy\" src=\"https:\/\/www.youtube.com\/embed\/qz5J9LDFjcA\" width=\"560\" height=\"315\" frameborder=\"0\" allowfullscreen=\"allowfullscreen\"><\/iframe><\/p>\n<div dir=\"auto\">El divendres 8 de juny, al vespre, es va representar el musical Grease a l&#8217;institut Vinyet. Va ser un bon motiu per celebrar els 40 anys, 1978-2018, d&#8217;aquesta m\u00edtica obra musical.<\/div>\n<div dir=\"auto\">\n<div dir=\"auto\"><\/div>\n<div dir=\"auto\">\n<p>Els alumnes de 3r d&#8217;ESO que hi van actuar s\u00f3n Tom\u00e1s Abell\u00f3, Eric C\u00e9spedes, Catalina Daguro, Zoe Furhmann, Valery Gil, Uxia Gonz\u00e1lez, Janin Herrero, Judit Herrero, Mostaf\u00e1 Medjmadj, Aitana Molina, Anna Morales, Ona Pascual, Marc Rinc\u00f3n, Marcos Rodr\u00edguez i Miquel Willockx.<\/p>\n<div dir=\"auto\"><\/div>\n<div dir=\"auto\">A la direcci\u00f3 musical i esc\u00e8nica: Assumpta Montserrat i Imma Ravent\u00f3s<\/div>\n<div dir=\"auto\"><\/div>\n<div dir=\"auto\">Suport coreogr\u00e0fic: Marc Ido\u00f1a<\/div>\n<div dir=\"auto\"><\/div>\n<div dir=\"auto\">Escenografia i atrezzo: M Carmen Garc\u00eda i Pep Pujol<\/div>\n<div dir=\"auto\"><\/div>\n<div dir=\"auto\">Equip t\u00e8cnic: Max Griera,\u00a0 Lucas Estruch i Elisa Lanuza<\/div>\n<div dir=\"auto\"><\/div>\n<div dir=\"auto\">Vam gaudir d&#8217;una estona formidable amb familiars i amics i va valer la pena tot l&#8217;esfor\u00e7 i la feina feta!<\/div>\n<div dir=\"auto\"><\/div>\n<div dir=\"auto\">Ara ja estem maquinant idees pel musical de l&#8217;any que ve! Us hi esperem!<\/div>\n<\/div>\n<\/div>\n<div dir=\"auto\"><\/div>\n<div dir=\"auto\"><\/div>\n<div dir=\"auto\"><a href=\"https:\/\/photos.app.goo.gl\/mVhLHAZDQuTe1xkM6\"><img loading=\"lazy\" decoding=\"async\" class=\"alignnone size-medium wp-image-1698\" src=\"http:\/\/agora.xtec.cat\/iesvinyet\/wp-content\/uploads\/usu987\/2018\/06\/20180608_193554-300x225.jpg\" alt=\"\" width=\"300\" height=\"225\" srcset=\"https:\/\/agora.xtec.cat\/iesvinyet\/wp-content\/uploads\/usu987\/2018\/06\/20180608_193554-300x225.jpg 300w, https:\/\/agora.xtec.cat\/iesvinyet\/wp-content\/uploads\/usu987\/2018\/06\/20180608_193554-768x576.jpg 768w, https:\/\/agora.xtec.cat\/iesvinyet\/wp-content\/uploads\/usu987\/2018\/06\/20180608_193554-1024x768.jpg 1024w, https:\/\/agora.xtec.cat\/iesvinyet\/wp-content\/uploads\/usu987\/2018\/06\/20180608_193554-200x150.jpg 200w\" sizes=\"auto, (max-width: 300px) 100vw, 300px\" \/><\/a><\/div>\n<div class=\"yj6qo ajU\">\n<div id=\":mr\" class=\"ajR\" tabindex=\"0\" data-tooltip=\"Mostra el contingut redu\u00eft\"><img decoding=\"async\" class=\"ajT\" src=\"https:\/\/ssl.gstatic.com\/ui\/v1\/icons\/mail\/images\/cleardot.gif\" \/><\/div>\n<div class=\"ajR\" tabindex=\"0\" data-tooltip=\"Mostra el contingut redu\u00eft\">Si vols veure fotos clica aqu\u00ed: <a href=\"https:\/\/photos.app.goo.gl\/mVhLHAZDQuTe1xkM6\"><img loading=\"lazy\" decoding=\"async\" class=\"alignnone wp-image-1286\" src=\"http:\/\/agora.xtec.cat\/iesvinyet\/wp-content\/uploads\/usu987\/2017\/10\/arrow-153643_640-270x300.png\" alt=\"\" width=\"21\" height=\"23\" srcset=\"https:\/\/agora.xtec.cat\/iesvinyet\/wp-content\/uploads\/usu987\/2017\/10\/arrow-153643_640-270x300.png 270w, https:\/\/agora.xtec.cat\/iesvinyet\/wp-content\/uploads\/usu987\/2017\/10\/arrow-153643_640.png 577w\" sizes=\"auto, (max-width: 21px) 100vw, 21px\" \/><\/a><\/div>\n<\/div>\n<div class=\"ajR\" tabindex=\"0\" data-tooltip=\"Mostra el contingut redu\u00eft\"><\/div>\n<div class=\"ajR\" tabindex=\"0\" data-tooltip=\"Mostra el contingut redu\u00eft\">Si vols veure el musical sencer clica aqu\u00ed: <a href=\"https:\/\/youtu.be\/Qv5_aMgQAgM\"><img loading=\"lazy\" decoding=\"async\" class=\"alignnone wp-image-1286\" src=\"http:\/\/agora.xtec.cat\/iesvinyet\/wp-content\/uploads\/usu987\/2017\/10\/arrow-153643_640-270x300.png\" alt=\"\" width=\"21\" height=\"23\" srcset=\"https:\/\/agora.xtec.cat\/iesvinyet\/wp-content\/uploads\/usu987\/2017\/10\/arrow-153643_640-270x300.png 270w, https:\/\/agora.xtec.cat\/iesvinyet\/wp-content\/uploads\/usu987\/2017\/10\/arrow-153643_640.png 577w\" sizes=\"auto, (max-width: 21px) 100vw, 21px\" \/><\/a><\/div>\n","protected":false},"excerpt":{"rendered":"<p>\u00a0Un recull dels millors moments&#8230;<\/p>\n<p>El divendres 8 de juny, al vespre, es va representar el musical Grease a l&#8217;institut Vinyet. Va ser un bon motiu per celebrar els 40 anys, 1978-2018, d&#8217;aquesta m\u00edtica obra musical.<\/p>\n<p>Els alumnes de 3r d&#8217;ESO que hi van actuar s\u00f3n Tom\u00e1s&hellip;  <a href=\"https:\/\/agora.xtec.cat\/iesvinyet\/general\/grease-musical-2018\/\" title=\"Read Grease Musical 2018\">Llegeix m\u00e9s\u00bb<\/a><\/p>\n","protected":false},"author":13,"featured_media":1700,"comment_status":"open","ping_status":"closed","sticky":false,"template":"","format":"standard","meta":{"_bbp_topic_count":0,"_bbp_reply_count":0,"_bbp_total_topic_count":0,"_bbp_total_reply_count":0,"_bbp_voice_count":0,"_bbp_anonymous_reply_count":0,"_bbp_topic_count_hidden":0,"_bbp_reply_count_hidden":0,"_bbp_forum_subforum_count":0,"footnotes":""},"categories":[66,1,29],"tags":[117],"class_list":["post-1697","post","type-post","status-publish","format-standard","has-post-thumbnail","hentry","category-activitats_sortides","category-general","category-portada","tag-activitats"],"post_mailing_queue_ids":[],"_links":{"self":[{"href":"https:\/\/agora.xtec.cat\/iesvinyet\/wp-json\/wp\/v2\/posts\/1697","targetHints":{"allow":["GET"]}}],"collection":[{"href":"https:\/\/agora.xtec.cat\/iesvinyet\/wp-json\/wp\/v2\/posts"}],"about":[{"href":"https:\/\/agora.xtec.cat\/iesvinyet\/wp-json\/wp\/v2\/types\/post"}],"author":[{"embeddable":true,"href":"https:\/\/agora.xtec.cat\/iesvinyet\/wp-json\/wp\/v2\/users\/13"}],"replies":[{"embeddable":true,"href":"https:\/\/agora.xtec.cat\/iesvinyet\/wp-json\/wp\/v2\/comments?post=1697"}],"version-history":[{"count":2,"href":"https:\/\/agora.xtec.cat\/iesvinyet\/wp-json\/wp\/v2\/posts\/1697\/revisions"}],"predecessor-version":[{"id":1701,"href":"https:\/\/agora.xtec.cat\/iesvinyet\/wp-json\/wp\/v2\/posts\/1697\/revisions\/1701"}],"wp:featuredmedia":[{"embeddable":true,"href":"https:\/\/agora.xtec.cat\/iesvinyet\/wp-json\/wp\/v2\/media\/1700"}],"wp:attachment":[{"href":"https:\/\/agora.xtec.cat\/iesvinyet\/wp-json\/wp\/v2\/media?parent=1697"}],"wp:term":[{"taxonomy":"category","embeddable":true,"href":"https:\/\/agora.xtec.cat\/iesvinyet\/wp-json\/wp\/v2\/categories?post=1697"},{"taxonomy":"post_tag","embeddable":true,"href":"https:\/\/agora.xtec.cat\/iesvinyet\/wp-json\/wp\/v2\/tags?post=1697"}],"curies":[{"name":"wp","href":"https:\/\/api.w.org\/{rel}","templated":true}]}}