{"id":1624,"date":"2018-05-15T18:37:46","date_gmt":"2018-05-15T16:37:46","guid":{"rendered":"http:\/\/agora.xtec.cat\/iesvinyet\/?p=1624"},"modified":"2018-05-15T18:41:50","modified_gmt":"2018-05-15T16:41:50","slug":"el-escritor-ignasi-garcia-barba-visita-el-ies-vinyet","status":"publish","type":"post","link":"https:\/\/agora.xtec.cat\/iesvinyet\/general\/el-escritor-ignasi-garcia-barba-visita-el-ies-vinyet\/","title":{"rendered":"EL ESCRITOR IGNASI GARCIA BARBA VISITA  EL IES VINYET"},"content":{"rendered":"<p><a href=\"https:\/\/photos.app.goo.gl\/KHcT134Y3Y44p1Nz1\"><img loading=\"lazy\" decoding=\"async\" class=\"size-medium wp-image-1627 aligncenter\" src=\"http:\/\/agora.xtec.cat\/iesvinyet\/wp-content\/uploads\/usu987\/2018\/05\/2018-Ignasi-G.-Barba-12-300x225.jpg\" alt=\"\" width=\"300\" height=\"225\" srcset=\"https:\/\/agora.xtec.cat\/iesvinyet\/wp-content\/uploads\/usu987\/2018\/05\/2018-Ignasi-G.-Barba-12-300x225.jpg 300w, https:\/\/agora.xtec.cat\/iesvinyet\/wp-content\/uploads\/usu987\/2018\/05\/2018-Ignasi-G.-Barba-12-768x576.jpg 768w, https:\/\/agora.xtec.cat\/iesvinyet\/wp-content\/uploads\/usu987\/2018\/05\/2018-Ignasi-G.-Barba-12-1024x768.jpg 1024w, https:\/\/agora.xtec.cat\/iesvinyet\/wp-content\/uploads\/usu987\/2018\/05\/2018-Ignasi-G.-Barba-12-200x150.jpg 200w, https:\/\/agora.xtec.cat\/iesvinyet\/wp-content\/uploads\/usu987\/2018\/05\/2018-Ignasi-G.-Barba-12.jpg 1600w\" sizes=\"auto, (max-width: 300px) 100vw, 300px\" \/><\/a><\/p>\n<p><a href=\"https:\/\/photos.app.goo.gl\/KHcT134Y3Y44p1Nz1\"><em>Mes imatges de l&#8217;acte<\/em><\/a><\/p>\n<p>El alumnado de 1\u00ba de ESO ha le\u00eddo e interpretado en clase la obra de teatro de \u00a0Ignasi Garcia Barba El chip experimental, publicada por la editorial Anaya. El pasado jueves pudimos contar con la visita de su autor. Este nos habl\u00f3 de c\u00f3mo decidi\u00f3 ser escritor, del proceso de creaci\u00f3n de una obra de teatro,\u00a0 de su trabajo como guionista de series de televisi\u00f3n y contest\u00f3 todas las preguntas que le plantearon nuestros alumnos y alumnas, quienes\u00a0\u00a0 prepararon la siguiente presentaci\u00f3n:<\/p>\n<p><strong><em>\u00a0 &#8220;Buenos d\u00edas,\u00a0 os presentamos a Ignasi Garcia Barba. Ignasi es dramaturgo, director de teatro y guionista de televisi\u00f3n. Ha publicado muchas obras de teatro: Rutas de alto riesgo, Marina,\u00a0 Amanecer en Or\u00e1n y muchas m\u00e1s.<\/em><\/strong><\/p>\n<p><strong><em>Como guionista de televisi\u00f3n,\u00a0 ha escrito en series como <a href=\"http:\/\/es.wikipedia.org\/wiki\/El_Cor_de_la_Ciutat\">El Cor de la Ciutat<\/a>, <a href=\"http:\/\/es.wikipedia.org\/wiki\/Compa\u00f1eros_(serie_de_TV)\">Compa\u00f1eros<\/a>,\u00a0 Los Serrano, <a href=\"http:\/\/es.wikipedia.org\/wiki\/Un_paso_adelante\">Un paso adelante<\/a>, Yo soy Bea o Amar es para siempre.<\/em><\/strong><\/p>\n<p><strong><em>Este trimestre hemos\u00a0 le\u00eddo\u00a0 la obra\u00a0 El chip experimental. Es una historia divertida y diferente. Nos ha gustado mucho y nos lo hemos pasado muy bien represent\u00e1ndola. Hemos aprendido lo dif\u00edcil que es ser padre de un ni\u00f1o y una ni\u00f1a adolescentes.<\/em><\/strong><\/p>\n<p><strong><em>Gracias, Ignasi, por venir a nuestro instituto\u00a0 a compartir tu obra con nosotros.&#8221;<\/em><\/strong><\/p>\n<p>Muchas gracias a todos los que hab\u00e9is participado en este acto, especialmente, a los guionistas (Pol Guevara y Jaime Prieto)\u00a0 y a los presentadores (V\u00edctor Griera, Luc\u00eda Kouli, Sara Lara, Xavi Molina y Adri\u00e1n Rodr\u00edguez). Nuestro agradecimiento, tambi\u00e9n, a la editorial Anaya y a todo el profesorado que ha colaborado en este acto.<\/p>\n<p>David Castro y Merc\u00e8 Carpio, profesores de Lengua y Literatura castellana de 1\u00ba de ESO<\/p>\n","protected":false},"excerpt":{"rendered":"<p><a href=\"https:\/\/photos.app.goo.gl\/KHcT134Y3Y44p1Nz1\"><\/a><br \/>\n<a href=\"https:\/\/photos.app.goo.gl\/KHcT134Y3Y44p1Nz1\">Mes imatges de l&#8217;acte<\/a><br \/>\nEl alumnado de 1\u00ba de ESO ha le\u00eddo e interpretado en clase la obra de teatro de \u00a0Ignasi Garcia Barba El chip experimental, publicada por la editorial Anaya. El pasado jueves pudimos contar con la visita de su autor. Este&hellip;  <a href=\"https:\/\/agora.xtec.cat\/iesvinyet\/general\/el-escritor-ignasi-garcia-barba-visita-el-ies-vinyet\/\" title=\"Read EL ESCRITOR IGNASI GARCIA BARBA VISITA  EL IES VINYET\">Llegeix m\u00e9s\u00bb<\/a><\/p>\n","protected":false},"author":13,"featured_media":1627,"comment_status":"closed","ping_status":"closed","sticky":false,"template":"","format":"standard","meta":{"_bbp_topic_count":0,"_bbp_reply_count":0,"_bbp_total_topic_count":0,"_bbp_total_reply_count":0,"_bbp_voice_count":0,"_bbp_anonymous_reply_count":0,"_bbp_topic_count_hidden":0,"_bbp_reply_count_hidden":0,"_bbp_forum_subforum_count":0,"footnotes":""},"categories":[1,29],"tags":[117],"class_list":["post-1624","post","type-post","status-publish","format-standard","has-post-thumbnail","hentry","category-general","category-portada","tag-activitats"],"post_mailing_queue_ids":[],"_links":{"self":[{"href":"https:\/\/agora.xtec.cat\/iesvinyet\/wp-json\/wp\/v2\/posts\/1624","targetHints":{"allow":["GET"]}}],"collection":[{"href":"https:\/\/agora.xtec.cat\/iesvinyet\/wp-json\/wp\/v2\/posts"}],"about":[{"href":"https:\/\/agora.xtec.cat\/iesvinyet\/wp-json\/wp\/v2\/types\/post"}],"author":[{"embeddable":true,"href":"https:\/\/agora.xtec.cat\/iesvinyet\/wp-json\/wp\/v2\/users\/13"}],"replies":[{"embeddable":true,"href":"https:\/\/agora.xtec.cat\/iesvinyet\/wp-json\/wp\/v2\/comments?post=1624"}],"version-history":[{"count":3,"href":"https:\/\/agora.xtec.cat\/iesvinyet\/wp-json\/wp\/v2\/posts\/1624\/revisions"}],"predecessor-version":[{"id":1630,"href":"https:\/\/agora.xtec.cat\/iesvinyet\/wp-json\/wp\/v2\/posts\/1624\/revisions\/1630"}],"wp:featuredmedia":[{"embeddable":true,"href":"https:\/\/agora.xtec.cat\/iesvinyet\/wp-json\/wp\/v2\/media\/1627"}],"wp:attachment":[{"href":"https:\/\/agora.xtec.cat\/iesvinyet\/wp-json\/wp\/v2\/media?parent=1624"}],"wp:term":[{"taxonomy":"category","embeddable":true,"href":"https:\/\/agora.xtec.cat\/iesvinyet\/wp-json\/wp\/v2\/categories?post=1624"},{"taxonomy":"post_tag","embeddable":true,"href":"https:\/\/agora.xtec.cat\/iesvinyet\/wp-json\/wp\/v2\/tags?post=1624"}],"curies":[{"name":"wp","href":"https:\/\/api.w.org\/{rel}","templated":true}]}}