{"id":1607,"date":"2018-05-06T23:25:04","date_gmt":"2018-05-06T21:25:04","guid":{"rendered":"http:\/\/agora.xtec.cat\/iesvinyet\/?p=1607"},"modified":"2018-05-06T23:25:44","modified_gmt":"2018-05-06T21:25:44","slug":"xerrada-fundacio-vicki-bernadet","status":"publish","type":"post","link":"https:\/\/agora.xtec.cat\/iesvinyet\/general\/xerrada-fundacio-vicki-bernadet\/","title":{"rendered":"XERRADA FUNDACI\u00d3 VICKI BERNADET"},"content":{"rendered":"<p>Aquest dijous ens ha visitat la Fundaci\u00f3 Vicki Bernadet, gr\u00e0cies a la col\u00b7laboraci\u00f3 de l&#8217;AMPA, que ha assumit la gesti\u00f3 i el cost de l&#8217;activitat.\u00a0 La Fundaci\u00f3 treballa en la presa de consci\u00e8ncia sobre la import\u00e0ncia de prevenir els abusos sexuals. Els alumnes de 2n d&#8217;ESO han gaudit de la xerrada i han tingut la possibilitat de fer preguntes i de desmunar falsos mites. Des de les tutories, continuem treballant en la formaci\u00f3 integral dels nostres alumnes i, en aquest sentit, esdev\u00e9 imprescindible i enriquidora la implicaci\u00f3 de l&#8217;AMPA i de totes les fam\u00edlies.<\/p>\n<p><a href=\"http:\/\/agora.xtec.cat\/iesvinyet\/wp-content\/uploads\/usu987\/2018\/05\/IMG_3623.jpg\"><img loading=\"lazy\" decoding=\"async\" class=\"alignnone size-medium wp-image-1609\" src=\"http:\/\/agora.xtec.cat\/iesvinyet\/wp-content\/uploads\/usu987\/2018\/05\/IMG_3623-300x225.jpg\" alt=\"\" width=\"300\" height=\"225\" srcset=\"https:\/\/agora.xtec.cat\/iesvinyet\/wp-content\/uploads\/usu987\/2018\/05\/IMG_3623-300x225.jpg 300w, https:\/\/agora.xtec.cat\/iesvinyet\/wp-content\/uploads\/usu987\/2018\/05\/IMG_3623-768x576.jpg 768w, https:\/\/agora.xtec.cat\/iesvinyet\/wp-content\/uploads\/usu987\/2018\/05\/IMG_3623-1024x768.jpg 1024w, https:\/\/agora.xtec.cat\/iesvinyet\/wp-content\/uploads\/usu987\/2018\/05\/IMG_3623-200x150.jpg 200w, https:\/\/agora.xtec.cat\/iesvinyet\/wp-content\/uploads\/usu987\/2018\/05\/IMG_3623.jpg 2016w\" sizes=\"auto, (max-width: 300px) 100vw, 300px\" \/><\/a><\/p>\n","protected":false},"excerpt":{"rendered":"<p>Aquest dijous ens ha visitat la Fundaci\u00f3 Vicki Bernadet, gr\u00e0cies a la col\u00b7laboraci\u00f3 de l&#8217;AMPA, que ha assumit la gesti\u00f3 i el cost de l&#8217;activitat.\u00a0 La Fundaci\u00f3 treballa en la presa de consci\u00e8ncia sobre la import\u00e0ncia de prevenir els abusos sexuals. Els alumnes de 2n&hellip;  <a href=\"https:\/\/agora.xtec.cat\/iesvinyet\/general\/xerrada-fundacio-vicki-bernadet\/\" title=\"Read XERRADA FUNDACI\u00d3 VICKI BERNADET\">Llegeix m\u00e9s\u00bb<\/a><\/p>\n","protected":false},"author":13,"featured_media":0,"comment_status":"open","ping_status":"closed","sticky":false,"template":"","format":"standard","meta":{"_bbp_topic_count":0,"_bbp_reply_count":0,"_bbp_total_topic_count":0,"_bbp_total_reply_count":0,"_bbp_voice_count":0,"_bbp_anonymous_reply_count":0,"_bbp_topic_count_hidden":0,"_bbp_reply_count_hidden":0,"_bbp_forum_subforum_count":0,"footnotes":""},"categories":[1,29],"tags":[117,44],"class_list":["post-1607","post","type-post","status-publish","format-standard","hentry","category-general","category-portada","tag-activitats","tag-xerrades"],"post_mailing_queue_ids":[],"_links":{"self":[{"href":"https:\/\/agora.xtec.cat\/iesvinyet\/wp-json\/wp\/v2\/posts\/1607","targetHints":{"allow":["GET"]}}],"collection":[{"href":"https:\/\/agora.xtec.cat\/iesvinyet\/wp-json\/wp\/v2\/posts"}],"about":[{"href":"https:\/\/agora.xtec.cat\/iesvinyet\/wp-json\/wp\/v2\/types\/post"}],"author":[{"embeddable":true,"href":"https:\/\/agora.xtec.cat\/iesvinyet\/wp-json\/wp\/v2\/users\/13"}],"replies":[{"embeddable":true,"href":"https:\/\/agora.xtec.cat\/iesvinyet\/wp-json\/wp\/v2\/comments?post=1607"}],"version-history":[{"count":2,"href":"https:\/\/agora.xtec.cat\/iesvinyet\/wp-json\/wp\/v2\/posts\/1607\/revisions"}],"predecessor-version":[{"id":1611,"href":"https:\/\/agora.xtec.cat\/iesvinyet\/wp-json\/wp\/v2\/posts\/1607\/revisions\/1611"}],"wp:attachment":[{"href":"https:\/\/agora.xtec.cat\/iesvinyet\/wp-json\/wp\/v2\/media?parent=1607"}],"wp:term":[{"taxonomy":"category","embeddable":true,"href":"https:\/\/agora.xtec.cat\/iesvinyet\/wp-json\/wp\/v2\/categories?post=1607"},{"taxonomy":"post_tag","embeddable":true,"href":"https:\/\/agora.xtec.cat\/iesvinyet\/wp-json\/wp\/v2\/tags?post=1607"}],"curies":[{"name":"wp","href":"https:\/\/api.w.org\/{rel}","templated":true}]}}