{"id":1595,"date":"2018-05-01T21:58:48","date_gmt":"2018-05-01T19:58:48","guid":{"rendered":"http:\/\/agora.xtec.cat\/iesvinyet\/?p=1595"},"modified":"2018-05-01T22:00:24","modified_gmt":"2018-05-01T20:00:24","slug":"nos-visita-el-escritor-nando-lopez","status":"publish","type":"post","link":"https:\/\/agora.xtec.cat\/iesvinyet\/general\/nos-visita-el-escritor-nando-lopez\/","title":{"rendered":"Nos visita el escritor Nando L\u00f3pez"},"content":{"rendered":"<p>El alumnado de 1\u00ba de ESO del IES Vinyet ha le\u00eddo este trimestre <em>El Reino de las Tres Lunas<\/em> de Fernando J. L\u00f3pez y, el d\u00eda de\u00a0 sant Jordi,\u00a0 tuvimos la suerte de contar con la presencia del escritor. Nando nos cont\u00f3 muchas an\u00e9cdotas sobre su temprano entusiasmo por la palabra escrita, su pasi\u00f3n por el teatro, y su experiencia como alumno y profesor.<\/p>\n<p>Nuestros alumnos y alumnas\u00a0\u00a0 prepararon la siguiente presentaci\u00f3n:<\/p>\n<table class=\" aligncenter\" style=\"height: 417px;\" width=\"853\">\n<tbody>\n<tr>\n<td style=\"width: 847.778px;\"><em>Buenos d\u00edas, hoy, Sant Jordi, d\u00eda del libro,\u00a0 tenemos el honor de presentaros al autor de la novela que nos ha hecho viajar, tal y como \u00e9l escribe, a un reino en el que la m\u00fasica, la poes\u00eda, el amor y las palabras valen m\u00e1s que la fuerza de un ej\u00e9rcito.<\/em><\/p>\n<p><em>Nos gustar\u00eda compartir con vosotros un breve resumen de la trayectoria profesional de Fernando J. L\u00f3pez: como dramaturgo, no solo es autor de piezas como Cuando fuimos dos o De mutuo desacuerdo sino que tambi\u00e9n ha adaptado y ha dirigido diversas obras. Como escritor de novelas, fue finalista del Premio Nadal en 2010 con La edad de la ira y es autor de las obras de literatura juvenil: El Reino de las Tres Lunas y Los nombres del fuego.\u00a0<\/em><\/p>\n<p><em>Los alumnos y alumnas de 1\u00ba de ESO del instituto Vinyet hemos le\u00eddo\u00a0 El Reino de las Tres Lunas este trimestre y con esta novela, hemos aprendido que no siempre tu familia entender\u00e1 tus decisiones y que hay pocas personas que pueden ser de verdad un buen amigo o amiga.<\/em><\/p>\n<p><em>Lo que m\u00e1s nos ha gustado de la novela es c\u00f3mo el protagonista, Malkiel, va madurando y creciendo a lo largo de la historia.\u00a0 Empieza siendo rebelde y enfrent\u00e1ndose a su padre,\u00a0 afronta la verdad sobre la muerte de su madre, y no huye del amor aunque lo hayan traicionado. Finalmente,\u00a0 defendiendo la verdad, consigue devolver la libertad, la tolerancia y la felicidad al Reino de los Tres soles.<\/em><\/p>\n<p style=\"text-align: center;\"><em>Fernando, te agradecemos mucho que hayas venido y esperamos volver a leer m\u00e1s historias tuyas.<\/em><\/p>\n<\/td>\n<\/tr>\n<\/tbody>\n<\/table>\n<p>Muchas gracias a todos los que hab\u00e9is participado en este acto, especialmente, a los guionistas (Sara Lara, Xavi Molina, Uma de Vertiz, V\u00edctor Griera, Luc\u00eda Kouli e Isaac Villa)\u00a0 y a los presentadores del acto (Jimena de Aldecoa, Jenifer Caiza, Ona Clua, Lorena Isart,\u00a0 Katie Muston, Ale Pareja y Hugo Tarrafeta). Nuestro agradecimiento, tambi\u00e9n, a la editorial Santillana y a todo el profesorado que ha colaborado en este acto.<\/p>\n<p>David Castro y Merc\u00e8 Carpio, profesores de Lengua y Literatura castellana de 1\u00ba de ESO<\/p>\n<p><a href=\"http:\/\/fernandojlopez.es\/\">http:\/\/fernandojlopez.es\/<\/a><\/p>\n<p><a href=\"https:\/\/www.instagram.com\/nandojlopez\/?hl=es\">https:\/\/www.instagram.com\/nandojlopez\/?hl=es<\/a><\/p>\n<p><a href=\"https:\/\/twitter.com\/nando_j?lang=ca\">https:\/\/twitter.com\/nando_j?lang=ca<\/a><\/p>\n<p>Fotos de la conferencia:<\/p>\n<p><a href=\"https:\/\/photos.app.goo.gl\/yy8fHaVhFn26RT852\"><img loading=\"lazy\" decoding=\"async\" class=\"size-medium wp-image-1598 aligncenter\" src=\"http:\/\/agora.xtec.cat\/iesvinyet\/wp-content\/uploads\/usu987\/2018\/05\/escriptorbaixa-300x169.jpg\" alt=\"\" width=\"300\" height=\"169\" srcset=\"https:\/\/agora.xtec.cat\/iesvinyet\/wp-content\/uploads\/usu987\/2018\/05\/escriptorbaixa-300x169.jpg 300w, https:\/\/agora.xtec.cat\/iesvinyet\/wp-content\/uploads\/usu987\/2018\/05\/escriptorbaixa-768x432.jpg 768w, https:\/\/agora.xtec.cat\/iesvinyet\/wp-content\/uploads\/usu987\/2018\/05\/escriptorbaixa-1024x576.jpg 1024w\" sizes=\"auto, (max-width: 300px) 100vw, 300px\" \/><\/a><\/p>\n","protected":false},"excerpt":{"rendered":"<p>El alumnado de 1\u00ba de ESO del IES Vinyet ha le\u00eddo este trimestre El Reino de las Tres Lunas de Fernando J. L\u00f3pez y, el d\u00eda de\u00a0 sant Jordi,\u00a0 tuvimos la suerte de contar con la presencia del escritor. Nando nos cont\u00f3 muchas an\u00e9cdotas sobre&hellip;  <a href=\"https:\/\/agora.xtec.cat\/iesvinyet\/general\/nos-visita-el-escritor-nando-lopez\/\" title=\"Read Nos visita el escritor Nando L\u00f3pez\">Llegeix m\u00e9s\u00bb<\/a><\/p>\n","protected":false},"author":13,"featured_media":1596,"comment_status":"open","ping_status":"closed","sticky":false,"template":"","format":"standard","meta":{"_bbp_topic_count":0,"_bbp_reply_count":0,"_bbp_total_topic_count":0,"_bbp_total_reply_count":0,"_bbp_voice_count":0,"_bbp_anonymous_reply_count":0,"_bbp_topic_count_hidden":0,"_bbp_reply_count_hidden":0,"_bbp_forum_subforum_count":0,"footnotes":""},"categories":[1,29],"tags":[117,44],"class_list":["post-1595","post","type-post","status-publish","format-standard","has-post-thumbnail","hentry","category-general","category-portada","tag-activitats","tag-xerrades"],"post_mailing_queue_ids":[],"_links":{"self":[{"href":"https:\/\/agora.xtec.cat\/iesvinyet\/wp-json\/wp\/v2\/posts\/1595","targetHints":{"allow":["GET"]}}],"collection":[{"href":"https:\/\/agora.xtec.cat\/iesvinyet\/wp-json\/wp\/v2\/posts"}],"about":[{"href":"https:\/\/agora.xtec.cat\/iesvinyet\/wp-json\/wp\/v2\/types\/post"}],"author":[{"embeddable":true,"href":"https:\/\/agora.xtec.cat\/iesvinyet\/wp-json\/wp\/v2\/users\/13"}],"replies":[{"embeddable":true,"href":"https:\/\/agora.xtec.cat\/iesvinyet\/wp-json\/wp\/v2\/comments?post=1595"}],"version-history":[{"count":2,"href":"https:\/\/agora.xtec.cat\/iesvinyet\/wp-json\/wp\/v2\/posts\/1595\/revisions"}],"predecessor-version":[{"id":1599,"href":"https:\/\/agora.xtec.cat\/iesvinyet\/wp-json\/wp\/v2\/posts\/1595\/revisions\/1599"}],"wp:featuredmedia":[{"embeddable":true,"href":"https:\/\/agora.xtec.cat\/iesvinyet\/wp-json\/wp\/v2\/media\/1596"}],"wp:attachment":[{"href":"https:\/\/agora.xtec.cat\/iesvinyet\/wp-json\/wp\/v2\/media?parent=1595"}],"wp:term":[{"taxonomy":"category","embeddable":true,"href":"https:\/\/agora.xtec.cat\/iesvinyet\/wp-json\/wp\/v2\/categories?post=1595"},{"taxonomy":"post_tag","embeddable":true,"href":"https:\/\/agora.xtec.cat\/iesvinyet\/wp-json\/wp\/v2\/tags?post=1595"}],"curies":[{"name":"wp","href":"https:\/\/api.w.org\/{rel}","templated":true}]}}