{"id":1592,"date":"2018-05-01T21:47:16","date_gmt":"2018-05-01T19:47:16","guid":{"rendered":"http:\/\/agora.xtec.cat\/iesvinyet\/?p=1592"},"modified":"2018-05-01T21:47:16","modified_gmt":"2018-05-01T19:47:16","slug":"sant-jordi-2018-un-mati-ple-dactivitats","status":"publish","type":"post","link":"https:\/\/agora.xtec.cat\/iesvinyet\/general\/sant-jordi-2018-un-mati-ple-dactivitats\/","title":{"rendered":"SANT JORDI 2018, UN MAT\u00cd PLE D&#8217;ACTIVITATS"},"content":{"rendered":"<p>Gr\u00e0cies a les nostres reporters gr\u00e0fiques: Lorena Isart, Katie Muston i Jimena S\u00e1nchez de 1r d&#8217;ESO i Abril Ricom\u00e0 i Maria Cazorla de 3r us fem arribar totes les imatges del dia.<\/p>\n<p><a href=\"https:\/\/photos.app.goo.gl\/qrHA7BLPHMDHwUfj1\"><img loading=\"lazy\" decoding=\"async\" class=\"size-medium wp-image-1593 aligncenter\" src=\"http:\/\/agora.xtec.cat\/iesvinyet\/wp-content\/uploads\/usu987\/2018\/05\/rosesbaixa-300x225.jpg\" alt=\"\" width=\"300\" height=\"225\" srcset=\"https:\/\/agora.xtec.cat\/iesvinyet\/wp-content\/uploads\/usu987\/2018\/05\/rosesbaixa-300x225.jpg 300w, https:\/\/agora.xtec.cat\/iesvinyet\/wp-content\/uploads\/usu987\/2018\/05\/rosesbaixa-768x576.jpg 768w, https:\/\/agora.xtec.cat\/iesvinyet\/wp-content\/uploads\/usu987\/2018\/05\/rosesbaixa-1024x768.jpg 1024w, https:\/\/agora.xtec.cat\/iesvinyet\/wp-content\/uploads\/usu987\/2018\/05\/rosesbaixa-200x150.jpg 200w\" sizes=\"auto, (max-width: 300px) 100vw, 300px\" \/><\/a><\/p>\n<p>&nbsp;<\/p>\n","protected":false},"excerpt":{"rendered":"<p>Gr\u00e0cies a les nostres reporters gr\u00e0fiques: Lorena Isart, Katie Muston i Jimena S\u00e1nchez de 1r d&#8217;ESO i Abril Ricom\u00e0 i Maria Cazorla de 3r us fem arribar totes les imatges del dia.<br \/>\n<a href=\"https:\/\/photos.app.goo.gl\/qrHA7BLPHMDHwUfj1\"><\/a><br \/>\n&nbsp;<\/p>\n","protected":false},"author":13,"featured_media":0,"comment_status":"open","ping_status":"closed","sticky":false,"template":"","format":"standard","meta":{"_bbp_topic_count":0,"_bbp_reply_count":0,"_bbp_total_topic_count":0,"_bbp_total_reply_count":0,"_bbp_voice_count":0,"_bbp_anonymous_reply_count":0,"_bbp_topic_count_hidden":0,"_bbp_reply_count_hidden":0,"_bbp_forum_subforum_count":0,"footnotes":""},"categories":[1,29],"tags":[117],"class_list":["post-1592","post","type-post","status-publish","format-standard","hentry","category-general","category-portada","tag-activitats"],"post_mailing_queue_ids":[],"_links":{"self":[{"href":"https:\/\/agora.xtec.cat\/iesvinyet\/wp-json\/wp\/v2\/posts\/1592","targetHints":{"allow":["GET"]}}],"collection":[{"href":"https:\/\/agora.xtec.cat\/iesvinyet\/wp-json\/wp\/v2\/posts"}],"about":[{"href":"https:\/\/agora.xtec.cat\/iesvinyet\/wp-json\/wp\/v2\/types\/post"}],"author":[{"embeddable":true,"href":"https:\/\/agora.xtec.cat\/iesvinyet\/wp-json\/wp\/v2\/users\/13"}],"replies":[{"embeddable":true,"href":"https:\/\/agora.xtec.cat\/iesvinyet\/wp-json\/wp\/v2\/comments?post=1592"}],"version-history":[{"count":1,"href":"https:\/\/agora.xtec.cat\/iesvinyet\/wp-json\/wp\/v2\/posts\/1592\/revisions"}],"predecessor-version":[{"id":1594,"href":"https:\/\/agora.xtec.cat\/iesvinyet\/wp-json\/wp\/v2\/posts\/1592\/revisions\/1594"}],"wp:attachment":[{"href":"https:\/\/agora.xtec.cat\/iesvinyet\/wp-json\/wp\/v2\/media?parent=1592"}],"wp:term":[{"taxonomy":"category","embeddable":true,"href":"https:\/\/agora.xtec.cat\/iesvinyet\/wp-json\/wp\/v2\/categories?post=1592"},{"taxonomy":"post_tag","embeddable":true,"href":"https:\/\/agora.xtec.cat\/iesvinyet\/wp-json\/wp\/v2\/tags?post=1592"}],"curies":[{"name":"wp","href":"https:\/\/api.w.org\/{rel}","templated":true}]}}