{"id":1575,"date":"2018-05-01T20:09:27","date_gmt":"2018-05-01T18:09:27","guid":{"rendered":"http:\/\/agora.xtec.cat\/iesvinyet\/?p=1575"},"modified":"2018-05-07T10:19:12","modified_gmt":"2018-05-07T08:19:12","slug":"cursa-gotes-per-al-niguer-2018","status":"publish","type":"post","link":"https:\/\/agora.xtec.cat\/iesvinyet\/general\/cursa-gotes-per-al-niguer-2018\/","title":{"rendered":"Cursa &#8221; Gotes per al N\u00edger&#8221; 2018"},"content":{"rendered":"<p>El dia de Sant Jordi en va dur a terme la cinquena edici\u00f3 de la cursa al nostre centre, com sempre, els diners recaptats a la inscripci\u00f3,\u00a0seran\u00a0donats\u00a0\u00edntegrament\u00a0a UNICEF. Tot i que el m\u00e9s important \u00e9s participar felicitem als guanyadors d&#8217;aquest curs:<\/p>\n<p><a href=\"https:\/\/photos.app.goo.gl\/sDn6csMq4kQ4wdNT2\">*IMATGES DE LA CURSA<\/a><\/p>\n<table class=\" aligncenter\" style=\"height: 956px; border-color: #000000;\" width=\"953\">\n<tbody>\n<tr>\n<td style=\"width: 226.667px;\">1r Classificat mascul\u00ed<\/td>\n<td style=\"width: 238.889px;\">Arthur Berenguer 2n A<\/p>\n<p>Adrian Cazalbou 2n A<\/td>\n<td style=\"width: 482.222px;\"><a href=\"http:\/\/agora.xtec.cat\/iesvinyet\/wp-content\/uploads\/usu987\/2018\/05\/Arthur-i-Adrian.jpg\"><img loading=\"lazy\" decoding=\"async\" class=\"size-medium wp-image-1576 aligncenter\" src=\"http:\/\/agora.xtec.cat\/iesvinyet\/wp-content\/uploads\/usu987\/2018\/05\/Arthur-i-Adrian-300x169.jpg\" alt=\"\" width=\"300\" height=\"169\" srcset=\"https:\/\/agora.xtec.cat\/iesvinyet\/wp-content\/uploads\/usu987\/2018\/05\/Arthur-i-Adrian-300x169.jpg 300w, https:\/\/agora.xtec.cat\/iesvinyet\/wp-content\/uploads\/usu987\/2018\/05\/Arthur-i-Adrian-768x432.jpg 768w, https:\/\/agora.xtec.cat\/iesvinyet\/wp-content\/uploads\/usu987\/2018\/05\/Arthur-i-Adrian-1024x576.jpg 1024w, https:\/\/agora.xtec.cat\/iesvinyet\/wp-content\/uploads\/usu987\/2018\/05\/Arthur-i-Adrian.jpg 1920w\" sizes=\"auto, (max-width: 300px) 100vw, 300px\" \/><\/a><\/td>\n<\/tr>\n<tr>\n<td style=\"width: 226.667px;\">3r Classificat mascul\u00ed<\/td>\n<td style=\"width: 238.889px;\">Guillem Valera 1r Batx<\/td>\n<td style=\"width: 482.222px;\"><a href=\"http:\/\/agora.xtec.cat\/iesvinyet\/wp-content\/uploads\/usu987\/2018\/05\/Guillem-Valera.jpg\"><img loading=\"lazy\" decoding=\"async\" class=\"size-medium wp-image-1577 aligncenter\" src=\"http:\/\/agora.xtec.cat\/iesvinyet\/wp-content\/uploads\/usu987\/2018\/05\/Guillem-Valera-300x169.jpg\" alt=\"\" width=\"300\" height=\"169\" srcset=\"https:\/\/agora.xtec.cat\/iesvinyet\/wp-content\/uploads\/usu987\/2018\/05\/Guillem-Valera-300x169.jpg 300w, https:\/\/agora.xtec.cat\/iesvinyet\/wp-content\/uploads\/usu987\/2018\/05\/Guillem-Valera-768x432.jpg 768w, https:\/\/agora.xtec.cat\/iesvinyet\/wp-content\/uploads\/usu987\/2018\/05\/Guillem-Valera-1024x576.jpg 1024w, https:\/\/agora.xtec.cat\/iesvinyet\/wp-content\/uploads\/usu987\/2018\/05\/Guillem-Valera.jpg 1920w\" sizes=\"auto, (max-width: 300px) 100vw, 300px\" \/><\/a><\/td>\n<\/tr>\n<tr>\n<td style=\"width: 226.667px;\">1r Classificat femen\u00ed<\/td>\n<td style=\"width: 238.889px;\">Martina Cusid\u00f3 2n A<\/td>\n<td style=\"width: 482.222px;\"><a href=\"http:\/\/agora.xtec.cat\/iesvinyet\/wp-content\/uploads\/usu987\/2018\/05\/Martina-Cusidor.jpg\"><img loading=\"lazy\" decoding=\"async\" class=\"size-medium wp-image-1578 aligncenter\" src=\"http:\/\/agora.xtec.cat\/iesvinyet\/wp-content\/uploads\/usu987\/2018\/05\/Martina-Cusidor-300x169.jpg\" alt=\"\" width=\"300\" height=\"169\" srcset=\"https:\/\/agora.xtec.cat\/iesvinyet\/wp-content\/uploads\/usu987\/2018\/05\/Martina-Cusidor-300x169.jpg 300w, https:\/\/agora.xtec.cat\/iesvinyet\/wp-content\/uploads\/usu987\/2018\/05\/Martina-Cusidor-768x432.jpg 768w, https:\/\/agora.xtec.cat\/iesvinyet\/wp-content\/uploads\/usu987\/2018\/05\/Martina-Cusidor-1024x576.jpg 1024w, https:\/\/agora.xtec.cat\/iesvinyet\/wp-content\/uploads\/usu987\/2018\/05\/Martina-Cusidor.jpg 1920w\" sizes=\"auto, (max-width: 300px) 100vw, 300px\" \/><\/a><\/td>\n<\/tr>\n<tr>\n<td style=\"width: 226.667px;\">2n Classificat femen\u00ed<\/td>\n<td style=\"width: 238.889px;\">Olenka Sabat\u00e9 2n A<\/td>\n<td style=\"width: 482.222px;\"><a href=\"http:\/\/agora.xtec.cat\/iesvinyet\/wp-content\/uploads\/usu987\/2018\/05\/Olenka-Sabater-2nA.jpg\"><img loading=\"lazy\" decoding=\"async\" class=\"size-medium wp-image-1579 aligncenter\" src=\"http:\/\/agora.xtec.cat\/iesvinyet\/wp-content\/uploads\/usu987\/2018\/05\/Olenka-Sabater-2nA-300x169.jpg\" alt=\"\" width=\"300\" height=\"169\" srcset=\"https:\/\/agora.xtec.cat\/iesvinyet\/wp-content\/uploads\/usu987\/2018\/05\/Olenka-Sabater-2nA-300x169.jpg 300w, https:\/\/agora.xtec.cat\/iesvinyet\/wp-content\/uploads\/usu987\/2018\/05\/Olenka-Sabater-2nA-768x432.jpg 768w, https:\/\/agora.xtec.cat\/iesvinyet\/wp-content\/uploads\/usu987\/2018\/05\/Olenka-Sabater-2nA-1024x576.jpg 1024w, https:\/\/agora.xtec.cat\/iesvinyet\/wp-content\/uploads\/usu987\/2018\/05\/Olenka-Sabater-2nA.jpg 1920w\" sizes=\"auto, (max-width: 300px) 100vw, 300px\" \/><\/a><\/td>\n<\/tr>\n<tr>\n<td style=\"width: 226.667px;\">3r Classificat femen\u00ed<\/td>\n<td style=\"width: 238.889px;\">Alba Reina 2n A<\/td>\n<td style=\"width: 482.222px;\"><a href=\"http:\/\/agora.xtec.cat\/iesvinyet\/wp-content\/uploads\/usu987\/2018\/05\/Alba-Reina-2n-A.jpg\"><img loading=\"lazy\" decoding=\"async\" class=\"size-medium wp-image-1580 aligncenter\" src=\"http:\/\/agora.xtec.cat\/iesvinyet\/wp-content\/uploads\/usu987\/2018\/05\/Alba-Reina-2n-A-300x169.jpg\" alt=\"\" width=\"300\" height=\"169\" srcset=\"https:\/\/agora.xtec.cat\/iesvinyet\/wp-content\/uploads\/usu987\/2018\/05\/Alba-Reina-2n-A-300x169.jpg 300w, https:\/\/agora.xtec.cat\/iesvinyet\/wp-content\/uploads\/usu987\/2018\/05\/Alba-Reina-2n-A-768x432.jpg 768w, https:\/\/agora.xtec.cat\/iesvinyet\/wp-content\/uploads\/usu987\/2018\/05\/Alba-Reina-2n-A-1024x576.jpg 1024w, https:\/\/agora.xtec.cat\/iesvinyet\/wp-content\/uploads\/usu987\/2018\/05\/Alba-Reina-2n-A.jpg 1920w\" sizes=\"auto, (max-width: 300px) 100vw, 300px\" \/><\/a><\/td>\n<\/tr>\n<\/tbody>\n<\/table>\n","protected":false},"excerpt":{"rendered":"<p>El dia de Sant Jordi en va dur a terme la cinquena edici\u00f3 de la cursa al nostre centre, com sempre, els diners recaptats a la inscripci\u00f3,\u00a0seran\u00a0donats\u00a0\u00edntegrament\u00a0a UNICEF. Tot i que el m\u00e9s important \u00e9s participar felicitem als guanyadors d&#8217;aquest curs:<br \/>\n<a href=\"https:\/\/photos.app.goo.gl\/sDn6csMq4kQ4wdNT2\">*IMATGES DE LA CURSA<\/a><\/p>\n<p>1r&hellip;  <a href=\"https:\/\/agora.xtec.cat\/iesvinyet\/general\/cursa-gotes-per-al-niguer-2018\/\" title=\"Read Cursa &#8221; Gotes per al N\u00edger&#8221; 2018\">Llegeix m\u00e9s\u00bb<\/a><\/p>\n","protected":false},"author":13,"featured_media":1581,"comment_status":"open","ping_status":"closed","sticky":false,"template":"","format":"standard","meta":{"_bbp_topic_count":0,"_bbp_reply_count":0,"_bbp_total_topic_count":0,"_bbp_total_reply_count":0,"_bbp_voice_count":0,"_bbp_anonymous_reply_count":0,"_bbp_topic_count_hidden":0,"_bbp_reply_count_hidden":0,"_bbp_forum_subforum_count":0,"footnotes":""},"categories":[1,29],"tags":[117],"class_list":["post-1575","post","type-post","status-publish","format-standard","has-post-thumbnail","hentry","category-general","category-portada","tag-activitats"],"post_mailing_queue_ids":[],"_links":{"self":[{"href":"https:\/\/agora.xtec.cat\/iesvinyet\/wp-json\/wp\/v2\/posts\/1575","targetHints":{"allow":["GET"]}}],"collection":[{"href":"https:\/\/agora.xtec.cat\/iesvinyet\/wp-json\/wp\/v2\/posts"}],"about":[{"href":"https:\/\/agora.xtec.cat\/iesvinyet\/wp-json\/wp\/v2\/types\/post"}],"author":[{"embeddable":true,"href":"https:\/\/agora.xtec.cat\/iesvinyet\/wp-json\/wp\/v2\/users\/13"}],"replies":[{"embeddable":true,"href":"https:\/\/agora.xtec.cat\/iesvinyet\/wp-json\/wp\/v2\/comments?post=1575"}],"version-history":[{"count":3,"href":"https:\/\/agora.xtec.cat\/iesvinyet\/wp-json\/wp\/v2\/posts\/1575\/revisions"}],"predecessor-version":[{"id":1615,"href":"https:\/\/agora.xtec.cat\/iesvinyet\/wp-json\/wp\/v2\/posts\/1575\/revisions\/1615"}],"wp:featuredmedia":[{"embeddable":true,"href":"https:\/\/agora.xtec.cat\/iesvinyet\/wp-json\/wp\/v2\/media\/1581"}],"wp:attachment":[{"href":"https:\/\/agora.xtec.cat\/iesvinyet\/wp-json\/wp\/v2\/media?parent=1575"}],"wp:term":[{"taxonomy":"category","embeddable":true,"href":"https:\/\/agora.xtec.cat\/iesvinyet\/wp-json\/wp\/v2\/categories?post=1575"},{"taxonomy":"post_tag","embeddable":true,"href":"https:\/\/agora.xtec.cat\/iesvinyet\/wp-json\/wp\/v2\/tags?post=1575"}],"curies":[{"name":"wp","href":"https:\/\/api.w.org\/{rel}","templated":true}]}}