{"id":1569,"date":"2018-04-26T20:35:34","date_gmt":"2018-04-26T18:35:34","guid":{"rendered":"http:\/\/agora.xtec.cat\/iesvinyet\/?p=1569"},"modified":"2018-04-26T20:39:49","modified_gmt":"2018-04-26T18:39:49","slug":"vinyet-radio","status":"publish","type":"post","link":"https:\/\/agora.xtec.cat\/iesvinyet\/portada\/vinyet-radio\/","title":{"rendered":"R\u00c0DIO VINYET"},"content":{"rendered":"<p>Avui, una representaci\u00f3 de R\u00e0dio Vinyet , ha fet un programa en directe des de la pla\u00e7a del mercat de Vilanova i la Geltr\u00fa, dins del recinte de la fira d&#8217;ensenyament postobligatori del Garraf, Zona e.<\/p>\n<p>Han estat gaireb\u00e9 tres hores d&#8217;entrevistes, m\u00fasica, informaci\u00f3, &#8230; que han entretingut a tothom que estava all\u00e0. Volem felicitar a Carlos Martin, Cl\u00e0udia Vidal, Lucas Estruch, Mario Rodr\u00edguez i Sandra Centeno per la seva participaci\u00f3 i bon fer!<\/p>\n<p><a href=\"https:\/\/photos.app.goo.gl\/vDsxXczFpbF0MP2q2\"><img loading=\"lazy\" decoding=\"async\" class=\"size-medium wp-image-1570 aligncenter\" src=\"http:\/\/agora.xtec.cat\/iesvinyet\/wp-content\/uploads\/usu987\/2018\/04\/20180426_102156-300x225.jpg\" alt=\"\" width=\"300\" height=\"225\" srcset=\"https:\/\/agora.xtec.cat\/iesvinyet\/wp-content\/uploads\/usu987\/2018\/04\/20180426_102156-300x225.jpg 300w, https:\/\/agora.xtec.cat\/iesvinyet\/wp-content\/uploads\/usu987\/2018\/04\/20180426_102156-768x576.jpg 768w, https:\/\/agora.xtec.cat\/iesvinyet\/wp-content\/uploads\/usu987\/2018\/04\/20180426_102156-1024x768.jpg 1024w, https:\/\/agora.xtec.cat\/iesvinyet\/wp-content\/uploads\/usu987\/2018\/04\/20180426_102156-200x150.jpg 200w\" sizes=\"auto, (max-width: 300px) 100vw, 300px\" \/><\/a><\/p>\n","protected":false},"excerpt":{"rendered":"<p>Avui, una representaci\u00f3 de R\u00e0dio Vinyet , ha fet un programa en directe des de la pla\u00e7a del mercat de Vilanova i la Geltr\u00fa, dins del recinte de la fira d&#8217;ensenyament postobligatori del Garraf, Zona e.<br \/>\nHan estat gaireb\u00e9 tres hores d&#8217;entrevistes, m\u00fasica, informaci\u00f3, &#8230; que&hellip;  <a href=\"https:\/\/agora.xtec.cat\/iesvinyet\/portada\/vinyet-radio\/\" title=\"Read R\u00c0DIO VINYET\">Llegeix m\u00e9s\u00bb<\/a><\/p>\n","protected":false},"author":13,"featured_media":0,"comment_status":"open","ping_status":"closed","sticky":false,"template":"","format":"standard","meta":{"_bbp_topic_count":0,"_bbp_reply_count":0,"_bbp_total_topic_count":0,"_bbp_total_reply_count":0,"_bbp_voice_count":0,"_bbp_anonymous_reply_count":0,"_bbp_topic_count_hidden":0,"_bbp_reply_count_hidden":0,"_bbp_forum_subforum_count":0,"footnotes":""},"categories":[29],"tags":[117],"class_list":["post-1569","post","type-post","status-publish","format-standard","hentry","category-portada","tag-activitats"],"post_mailing_queue_ids":[],"_links":{"self":[{"href":"https:\/\/agora.xtec.cat\/iesvinyet\/wp-json\/wp\/v2\/posts\/1569","targetHints":{"allow":["GET"]}}],"collection":[{"href":"https:\/\/agora.xtec.cat\/iesvinyet\/wp-json\/wp\/v2\/posts"}],"about":[{"href":"https:\/\/agora.xtec.cat\/iesvinyet\/wp-json\/wp\/v2\/types\/post"}],"author":[{"embeddable":true,"href":"https:\/\/agora.xtec.cat\/iesvinyet\/wp-json\/wp\/v2\/users\/13"}],"replies":[{"embeddable":true,"href":"https:\/\/agora.xtec.cat\/iesvinyet\/wp-json\/wp\/v2\/comments?post=1569"}],"version-history":[{"count":3,"href":"https:\/\/agora.xtec.cat\/iesvinyet\/wp-json\/wp\/v2\/posts\/1569\/revisions"}],"predecessor-version":[{"id":1574,"href":"https:\/\/agora.xtec.cat\/iesvinyet\/wp-json\/wp\/v2\/posts\/1569\/revisions\/1574"}],"wp:attachment":[{"href":"https:\/\/agora.xtec.cat\/iesvinyet\/wp-json\/wp\/v2\/media?parent=1569"}],"wp:term":[{"taxonomy":"category","embeddable":true,"href":"https:\/\/agora.xtec.cat\/iesvinyet\/wp-json\/wp\/v2\/categories?post=1569"},{"taxonomy":"post_tag","embeddable":true,"href":"https:\/\/agora.xtec.cat\/iesvinyet\/wp-json\/wp\/v2\/tags?post=1569"}],"curies":[{"name":"wp","href":"https:\/\/api.w.org\/{rel}","templated":true}]}}