{"id":1562,"date":"2018-04-25T11:08:58","date_gmt":"2018-04-25T09:08:58","guid":{"rendered":"http:\/\/agora.xtec.cat\/iesvinyet\/?p=1562"},"modified":"2018-04-25T11:08:58","modified_gmt":"2018-04-25T09:08:58","slug":"zona-educacio-2018","status":"publish","type":"post","link":"https:\/\/agora.xtec.cat\/iesvinyet\/general\/zona-educacio-2018\/","title":{"rendered":"ZONA EDUCACI\u00d3 2018"},"content":{"rendered":"<p>Del 18 al 26 d&#8217;abril de 2018 tindr\u00e0 lloc, a Vilanova i la Geltr\u00fa la vuitena edici\u00f3 de la Zona Educaci\u00f3. Sortides Educatives i Professionals del Garraf.<\/p>\n<p>Sota la denominaci\u00f3 de Zona E, s&#8217;hi acull la fira pr\u00f2piament dita aix\u00ed com d&#8217;altres actes coplementaris. L&#8217;INS Vinyet ja t\u00e9 obert el seu stand.<\/p>\n<p><a href=\"http:\/\/www.imet.cat\/index.php?page=zonaE2018\"><img loading=\"lazy\" decoding=\"async\" class=\"alignnone size-medium wp-image-1563\" src=\"http:\/\/agora.xtec.cat\/iesvinyet\/wp-content\/uploads\/usu987\/2018\/04\/zona-e-vilanova-300x205.jpg\" alt=\"\" width=\"300\" height=\"205\" srcset=\"https:\/\/agora.xtec.cat\/iesvinyet\/wp-content\/uploads\/usu987\/2018\/04\/zona-e-vilanova-300x205.jpg 300w, https:\/\/agora.xtec.cat\/iesvinyet\/wp-content\/uploads\/usu987\/2018\/04\/zona-e-vilanova-768x524.jpg 768w, https:\/\/agora.xtec.cat\/iesvinyet\/wp-content\/uploads\/usu987\/2018\/04\/zona-e-vilanova-1024x699.jpg 1024w, https:\/\/agora.xtec.cat\/iesvinyet\/wp-content\/uploads\/usu987\/2018\/04\/zona-e-vilanova.jpg 1764w\" sizes=\"auto, (max-width: 300px) 100vw, 300px\" \/><\/a><\/p>\n","protected":false},"excerpt":{"rendered":"<p>Del 18 al 26 d&#8217;abril de 2018 tindr\u00e0 lloc, a Vilanova i la Geltr\u00fa la vuitena edici\u00f3 de la Zona Educaci\u00f3. Sortides Educatives i Professionals del Garraf.<br \/>\nSota la denominaci\u00f3 de Zona E, s&#8217;hi acull la fira pr\u00f2piament dita aix\u00ed com d&#8217;altres actes coplementaris. L&#8217;INS Vinyet&hellip;  <a href=\"https:\/\/agora.xtec.cat\/iesvinyet\/general\/zona-educacio-2018\/\" title=\"Read ZONA EDUCACI\u00d3 2018\">Llegeix m\u00e9s\u00bb<\/a><\/p>\n","protected":false},"author":13,"featured_media":0,"comment_status":"open","ping_status":"closed","sticky":false,"template":"","format":"standard","meta":{"_bbp_topic_count":0,"_bbp_reply_count":0,"_bbp_total_topic_count":0,"_bbp_total_reply_count":0,"_bbp_voice_count":0,"_bbp_anonymous_reply_count":0,"_bbp_topic_count_hidden":0,"_bbp_reply_count_hidden":0,"_bbp_forum_subforum_count":0,"footnotes":""},"categories":[1,29],"tags":[117],"class_list":["post-1562","post","type-post","status-publish","format-standard","hentry","category-general","category-portada","tag-activitats"],"post_mailing_queue_ids":[],"_links":{"self":[{"href":"https:\/\/agora.xtec.cat\/iesvinyet\/wp-json\/wp\/v2\/posts\/1562","targetHints":{"allow":["GET"]}}],"collection":[{"href":"https:\/\/agora.xtec.cat\/iesvinyet\/wp-json\/wp\/v2\/posts"}],"about":[{"href":"https:\/\/agora.xtec.cat\/iesvinyet\/wp-json\/wp\/v2\/types\/post"}],"author":[{"embeddable":true,"href":"https:\/\/agora.xtec.cat\/iesvinyet\/wp-json\/wp\/v2\/users\/13"}],"replies":[{"embeddable":true,"href":"https:\/\/agora.xtec.cat\/iesvinyet\/wp-json\/wp\/v2\/comments?post=1562"}],"version-history":[{"count":1,"href":"https:\/\/agora.xtec.cat\/iesvinyet\/wp-json\/wp\/v2\/posts\/1562\/revisions"}],"predecessor-version":[{"id":1564,"href":"https:\/\/agora.xtec.cat\/iesvinyet\/wp-json\/wp\/v2\/posts\/1562\/revisions\/1564"}],"wp:attachment":[{"href":"https:\/\/agora.xtec.cat\/iesvinyet\/wp-json\/wp\/v2\/media?parent=1562"}],"wp:term":[{"taxonomy":"category","embeddable":true,"href":"https:\/\/agora.xtec.cat\/iesvinyet\/wp-json\/wp\/v2\/categories?post=1562"},{"taxonomy":"post_tag","embeddable":true,"href":"https:\/\/agora.xtec.cat\/iesvinyet\/wp-json\/wp\/v2\/tags?post=1562"}],"curies":[{"name":"wp","href":"https:\/\/api.w.org\/{rel}","templated":true}]}}