{"id":1552,"date":"2018-04-22T14:00:38","date_gmt":"2018-04-22T12:00:38","guid":{"rendered":"http:\/\/agora.xtec.cat\/iesvinyet\/?p=1552"},"modified":"2018-04-22T14:01:09","modified_gmt":"2018-04-22T12:01:09","slug":"decoracio-sant-jordi-2018","status":"publish","type":"post","link":"https:\/\/agora.xtec.cat\/iesvinyet\/general\/decoracio-sant-jordi-2018\/","title":{"rendered":"DECORACI\u00d3 SANT JORDI 2018"},"content":{"rendered":"<p>Aix\u00ed \u00e9s com s&#8217;ha decorat el centre per Sant Jordi. Els temes ? Homenatge a &#8220;Manuel de Pedrolo&#8221;, en l&#8217;any de la celebraci\u00f3 del seu centenari de naixement i els &#8220;Space Invaders&#8221;. Les obres han estat realitzades per alumnes de 2n, 4t i Batxillerat. El professor que ha coordinat totes les tasques, David Tarancon.<\/p>\n<p><a href=\"https:\/\/photos.app.goo.gl\/uB2QGxnU4uHUIw0D3\"><img loading=\"lazy\" decoding=\"async\" class=\"size-medium wp-image-1553 aligncenter\" src=\"http:\/\/agora.xtec.cat\/iesvinyet\/wp-content\/uploads\/usu987\/2018\/04\/sANT-jORDI-225x300.jpg\" alt=\"\" width=\"225\" height=\"300\" srcset=\"https:\/\/agora.xtec.cat\/iesvinyet\/wp-content\/uploads\/usu987\/2018\/04\/sANT-jORDI-225x300.jpg 225w, https:\/\/agora.xtec.cat\/iesvinyet\/wp-content\/uploads\/usu987\/2018\/04\/sANT-jORDI-768x1024.jpg 768w\" sizes=\"auto, (max-width: 225px) 100vw, 225px\" \/><\/a><\/p>\n","protected":false},"excerpt":{"rendered":"<p>Aix\u00ed \u00e9s com s&#8217;ha decorat el centre per Sant Jordi. Els temes ? Homenatge a &#8220;Manuel de Pedrolo&#8221;, en l&#8217;any de la celebraci\u00f3 del seu centenari de naixement i els &#8220;Space Invaders&#8221;. Les obres han estat realitzades per alumnes de 2n, 4t i Batxillerat. El&hellip;  <a href=\"https:\/\/agora.xtec.cat\/iesvinyet\/general\/decoracio-sant-jordi-2018\/\" title=\"Read DECORACI\u00d3 SANT JORDI 2018\">Llegeix m\u00e9s\u00bb<\/a><\/p>\n","protected":false},"author":13,"featured_media":0,"comment_status":"open","ping_status":"closed","sticky":false,"template":"","format":"standard","meta":{"_bbp_topic_count":0,"_bbp_reply_count":0,"_bbp_total_topic_count":0,"_bbp_total_reply_count":0,"_bbp_voice_count":0,"_bbp_anonymous_reply_count":0,"_bbp_topic_count_hidden":0,"_bbp_reply_count_hidden":0,"_bbp_forum_subforum_count":0,"footnotes":""},"categories":[1,29],"tags":[117],"class_list":["post-1552","post","type-post","status-publish","format-standard","hentry","category-general","category-portada","tag-activitats"],"post_mailing_queue_ids":[],"_links":{"self":[{"href":"https:\/\/agora.xtec.cat\/iesvinyet\/wp-json\/wp\/v2\/posts\/1552","targetHints":{"allow":["GET"]}}],"collection":[{"href":"https:\/\/agora.xtec.cat\/iesvinyet\/wp-json\/wp\/v2\/posts"}],"about":[{"href":"https:\/\/agora.xtec.cat\/iesvinyet\/wp-json\/wp\/v2\/types\/post"}],"author":[{"embeddable":true,"href":"https:\/\/agora.xtec.cat\/iesvinyet\/wp-json\/wp\/v2\/users\/13"}],"replies":[{"embeddable":true,"href":"https:\/\/agora.xtec.cat\/iesvinyet\/wp-json\/wp\/v2\/comments?post=1552"}],"version-history":[{"count":2,"href":"https:\/\/agora.xtec.cat\/iesvinyet\/wp-json\/wp\/v2\/posts\/1552\/revisions"}],"predecessor-version":[{"id":1555,"href":"https:\/\/agora.xtec.cat\/iesvinyet\/wp-json\/wp\/v2\/posts\/1552\/revisions\/1555"}],"wp:attachment":[{"href":"https:\/\/agora.xtec.cat\/iesvinyet\/wp-json\/wp\/v2\/media?parent=1552"}],"wp:term":[{"taxonomy":"category","embeddable":true,"href":"https:\/\/agora.xtec.cat\/iesvinyet\/wp-json\/wp\/v2\/categories?post=1552"},{"taxonomy":"post_tag","embeddable":true,"href":"https:\/\/agora.xtec.cat\/iesvinyet\/wp-json\/wp\/v2\/tags?post=1552"}],"curies":[{"name":"wp","href":"https:\/\/api.w.org\/{rel}","templated":true}]}}