{"id":1530,"date":"2018-04-19T20:32:19","date_gmt":"2018-04-19T18:32:19","guid":{"rendered":"http:\/\/agora.xtec.cat\/iesvinyet\/?p=1530"},"modified":"2018-04-19T20:40:53","modified_gmt":"2018-04-19T18:40:53","slug":"activitats-diada-de-sant-jordi","status":"publish","type":"post","link":"https:\/\/agora.xtec.cat\/iesvinyet\/general\/activitats-diada-de-sant-jordi\/","title":{"rendered":"ACTIVITATS DIADA DE SANT JORDI"},"content":{"rendered":"<p>Benvolgudes fam\u00edlies,<\/p>\n<p>&nbsp;<\/p>\n<p>Els informem de les activitats que ha organitzat l&#8217;alumnat del centre per a la diada de Sant Jordi per tal que les puguin comentar amb els seus fills i animar-los a participar:<\/p>\n<p>&nbsp;<\/p>\n<p>&#8211; L&#8217;alumnat de 3r d&#8217;ESO vendr\u00e0 roses a la porta del centre, a les 8.30 i a les 13.00 per tal de recaptar diners per al viatge de final d&#8217;etapa del curs que ve. L&#8217;AMPA hi ha col\u00b7laborat i animem totes les fam\u00edlies a comprar la rosa al nostre alumnat a un preu de 3.5 euros.<\/p>\n<p>&nbsp;<\/p>\n<p>&#8211; Els alumnes de 1r d&#8217;ESO que cursen l&#8217;optativa Enreda&#8217;t amb UNICEF han organitzat, com cada any, la cursa solid\u00e0ria &#8220;Gotes per al N\u00edger&#8221;. Aquest any ja ser\u00e0 la 5a edici\u00f3 i volem superar el nombre d&#8217;inscrits en edicions passades. La inscripci\u00f3 a la cursa t\u00e9 un cost de 2 euros, i tot l&#8217;alumnat hi pot participar.<\/p>\n<p>Dem\u00e0 encara hi ha inscripcions a l&#8217;hora del pati!<\/p>\n<p>&nbsp;<\/p>\n<p>&#8211; Tamb\u00e9 hi haur\u00e0 un intercanvi de llibres. Tots els alumnes poden portar el mateix dilluns, algun llibre que ja hagin llegit i bescanviar-lo per un altre. Animem tot l&#8217;alumnat a portar-ne un.<\/p>\n<p>&nbsp;<\/p>\n<p>&#8211; Els alumnes de 1r d&#8217;ESO gaudiran de la visita d&#8217;un escriptor justament el dia de Sant Jordi. Es tracta de l&#8217;escriptor F.J.L\u00f3pez, autor d&#8217;una de les lectures que han treballat a Llengua Castellana.<\/p>\n<p>&nbsp;<\/p>\n<p>&#8211; L&#8217;AMPA convida tot l&#8217;alumnat del centre a esmorzar xocolata desfeta, que es podr\u00e0 acompanyar amb la coca que vendr\u00e0 l&#8217;alumnat de 3r d&#8217;ESO, pro viatge final d&#8217;etapa.<\/p>\n<p>&nbsp;<\/p>\n<p>&#8211; Despr\u00e9s d&#8217;esmorzar, al gimn\u00e0s es lliuraran tamb\u00e9 els premis,\u00a0 gentilesa de l&#8217;AMPA, a la millor foto del concurs d&#8217;Instagram i al guanyador del disseny de la catifa de Corpus.<\/p>\n<p>&nbsp;<\/p>\n<p>La diada clour\u00e0 amb una breu representaci\u00f3 teatral dels alumnes de TEATRE i amb les actuacions musicals de l&#8217;alumnat que cursa CORAL i CONJUNT INSTRUMENTAL.<\/p>\n<p>&nbsp;<\/p>\n<p>&nbsp;<\/p>\n<p><strong>Informacions d&#8217;ordre pr\u00e0ctic:<\/strong><\/p>\n<p>&nbsp;<\/p>\n<p>&#8211; L&#8217;horari del dilluns 23 d&#8217;abril\u00a0 ser\u00e0 de 8.30 a 13.00.<\/p>\n<p>&#8211; L&#8217;autob\u00fas llan\u00e7adora far\u00e0 els dos serveis habituals a les 13.00 i a les 13.10.<\/p>\n<p>&#8211; Les fam\u00edlies que necessitin, de manera excepcional, que el seu fill romangui al centre m\u00e9s enll\u00e0 de les 13.00, cal que ho comuniquin per escrit a la secretaria del centre dem\u00e0 divendres.<\/p>\n<p>&#8211;\u00a0 Les fam\u00edlies dels alumnes que vulguin utilitzar el servei de menjador\u00a0 ho han de comunicar directament al mateix servei de menjador dem\u00e0 divendres. El dinar se servir\u00e0 a les 13.00.<\/p>\n<p>&#8211; Els alumnes de 1r i 2n de batxillerat faran classe de 8.30 a 10.30. Tot seguit, participaran amb la resta d&#8217;alumnes de les activitats organitzades.<\/p>\n<p>&nbsp;<\/p>\n<p>Els agra\u00efm la seva col\u00b7laboraci\u00f3 i els desitgem una bona diada de Sant Jordi.<\/p>\n<p>&nbsp;<\/p>\n<p>MARIA ROSA DAG\u00c0 G\u00d3MEZ<\/p>\n<p>Directora.<\/p>\n","protected":false},"excerpt":{"rendered":"<p>Benvolgudes fam\u00edlies,<br \/>\n&nbsp;<br \/>\nEls informem de les activitats que ha organitzat l&#8217;alumnat del centre per a la diada de Sant Jordi per tal que les puguin comentar amb els seus fills i animar-los a participar:<br \/>\n&nbsp;<br \/>\n&#8211; L&#8217;alumnat de 3r d&#8217;ESO vendr\u00e0 roses a la porta del centre, a&hellip;  <a href=\"https:\/\/agora.xtec.cat\/iesvinyet\/general\/activitats-diada-de-sant-jordi\/\" title=\"Read ACTIVITATS DIADA DE SANT JORDI\">Llegeix m\u00e9s\u00bb<\/a><\/p>\n","protected":false},"author":13,"featured_media":1531,"comment_status":"open","ping_status":"closed","sticky":false,"template":"","format":"standard","meta":{"_bbp_topic_count":0,"_bbp_reply_count":0,"_bbp_total_topic_count":0,"_bbp_total_reply_count":0,"_bbp_voice_count":0,"_bbp_anonymous_reply_count":0,"_bbp_topic_count_hidden":0,"_bbp_reply_count_hidden":0,"_bbp_forum_subforum_count":0,"footnotes":""},"categories":[1,29],"tags":[117,119],"class_list":["post-1530","post","type-post","status-publish","format-standard","has-post-thumbnail","hentry","category-general","category-portada","tag-activitats","tag-avisos"],"post_mailing_queue_ids":[],"_links":{"self":[{"href":"https:\/\/agora.xtec.cat\/iesvinyet\/wp-json\/wp\/v2\/posts\/1530","targetHints":{"allow":["GET"]}}],"collection":[{"href":"https:\/\/agora.xtec.cat\/iesvinyet\/wp-json\/wp\/v2\/posts"}],"about":[{"href":"https:\/\/agora.xtec.cat\/iesvinyet\/wp-json\/wp\/v2\/types\/post"}],"author":[{"embeddable":true,"href":"https:\/\/agora.xtec.cat\/iesvinyet\/wp-json\/wp\/v2\/users\/13"}],"replies":[{"embeddable":true,"href":"https:\/\/agora.xtec.cat\/iesvinyet\/wp-json\/wp\/v2\/comments?post=1530"}],"version-history":[{"count":3,"href":"https:\/\/agora.xtec.cat\/iesvinyet\/wp-json\/wp\/v2\/posts\/1530\/revisions"}],"predecessor-version":[{"id":1535,"href":"https:\/\/agora.xtec.cat\/iesvinyet\/wp-json\/wp\/v2\/posts\/1530\/revisions\/1535"}],"wp:featuredmedia":[{"embeddable":true,"href":"https:\/\/agora.xtec.cat\/iesvinyet\/wp-json\/wp\/v2\/media\/1531"}],"wp:attachment":[{"href":"https:\/\/agora.xtec.cat\/iesvinyet\/wp-json\/wp\/v2\/media?parent=1530"}],"wp:term":[{"taxonomy":"category","embeddable":true,"href":"https:\/\/agora.xtec.cat\/iesvinyet\/wp-json\/wp\/v2\/categories?post=1530"},{"taxonomy":"post_tag","embeddable":true,"href":"https:\/\/agora.xtec.cat\/iesvinyet\/wp-json\/wp\/v2\/tags?post=1530"}],"curies":[{"name":"wp","href":"https:\/\/api.w.org\/{rel}","templated":true}]}}