{"id":1413,"date":"2018-01-25T10:22:22","date_gmt":"2018-01-25T09:22:22","guid":{"rendered":"http:\/\/agora.xtec.cat\/iesvinyet\/?p=1413"},"modified":"2019-03-22T12:52:14","modified_gmt":"2019-03-22T11:52:14","slug":"campanya-mobil-recicla","status":"publish","type":"post","link":"https:\/\/agora.xtec.cat\/iesvinyet\/general\/campanya-mobil-recicla\/","title":{"rendered":"Campanya: M\u00f2bil recicla"},"content":{"rendered":"<p><span style=\"font-weight: 400;\">Cada vegada que es posa un m\u00f2bil o un smartphone al mercat, es consumeix coltan, que \u00e9s una barreja de dos minerals que nom\u00e9s s\u2019extreuen de la Rep\u00fablica Democr\u00e0tica del Congo, on ara mateix hi ha una guerra a causa d\u2019aquest material. Degut a aquesta guerra, moltes persones, sobretot dones i nens, moren en busca d\u2019aquest material.<\/span><\/p>\n<p>https:\/\/www.oxfamintermon.org\/ca\/que-pots-fer-tu\/donatius-socis\/mobil-recicla<\/p>\n<h2>Oxfam Interm\u00f3n i Movilbak\u00a0ens hem unit perqu\u00e8 el reciclatge sigui tamb\u00e9 un gest solidari.<\/h2>\n<p>Si tens un m\u00f2bil que ja no utilitzes, ara pots canviar-lo per llavors, llibres escolars, bidons d&#8217;aigua, eines i recursos necessaris per millorar la vida de les persones dels pa\u00efsos m\u00e9s pobres. Ara pots reciclar el teu m\u00f2bil de forma molt senzilla.<\/p>\n<ul>\n<li><strong>Qu\u00e8 succeix amb el tel\u00e8fon m\u00f2bil?\u00a0<\/strong><br \/>\nEls tel\u00e8fons obsolets o inservibles es reciclen a una empresa especialitzada respectant el medi ambient. No obstant aix\u00f2, els tel\u00e8fons que puguin ser reutilitzats, es condicionen i se&#8217;ls d\u00f3na una segona vida \u00fatil allargant aix\u00ed la seva funci\u00f3 i minimitzant encara m\u00e9s l&#8217;impacte mediambiental. Aix\u00ed, els tel\u00e8fons donats, s\u00f3n enviats a la central de CMR a Londres, empresa gestora de residus, on s\u00f3n classificats segons el seu estat funcional o obsolet. Aquells que funcionen es tornen a posar en circulaci\u00f3 novament, mentre que els inservibles s\u00f3n enviats a una planta de reciclatge on els materials es separen convenientment. Tot el proc\u00e9s de reciclatge es du a terme d&#8217;acord amb la directiva europea vigent i, a m\u00e9s, CMR compta amb els certificats de la ISO 1400: Est\u00e0ndard internacional en la gesti\u00f3 ambiental i el Reglament EMAS: Normativa europea de sistemes de gesti\u00f3 ambiental.<\/li>\n<\/ul>\n<h2>Amb aquest gest aconseguim<img decoding=\"async\" class=\"alignright\" src=\"https:\/\/oxfamintermon.s3.amazonaws.com\/sites\/default\/files\/images\/que_puedes_hacer_tu\/donativos\/cartelReciclaMovilCa.jpg\" alt=\"Am el teu vell m\u00f2bil pots canviar vides. \" \/><\/h2>\n<ul>\n<li>Reutilizar terminals.<\/li>\n<li>Reciclar els elements respetant el mediambient.<\/li>\n<li>Redu\u00efr la demanda de components como el coltan, un mineral que degrada ecosistemes i genera conflictes armats a la Rep\u00fablica Democr\u00e0tica del Congo.<\/li>\n<li>Recaptar fons per donar suport als projectes d&#8217;Oxfam Interm\u00f3n perqu\u00e8 cada dia m\u00e9s persones puguin accedir a una vida digna.<\/li>\n<\/ul>\n<p>&nbsp;<\/p>\n","protected":false},"excerpt":{"rendered":"<p>Des de l&#8217;escola verda promovem la recollida de m\u00f2bils vells.&hellip;  <a href=\"https:\/\/agora.xtec.cat\/iesvinyet\/general\/campanya-mobil-recicla\/\" title=\"Read Campanya: M\u00f2bil recicla\">Llegeix m\u00e9s\u00bb<\/a><\/p>\n","protected":false},"author":49,"featured_media":1418,"comment_status":"open","ping_status":"closed","sticky":false,"template":"","format":"standard","meta":{"_bbp_topic_count":0,"_bbp_reply_count":0,"_bbp_total_topic_count":0,"_bbp_total_reply_count":0,"_bbp_voice_count":0,"_bbp_anonymous_reply_count":0,"_bbp_topic_count_hidden":0,"_bbp_reply_count_hidden":0,"_bbp_forum_subforum_count":0,"footnotes":""},"categories":[1,29],"tags":[164],"class_list":["post-1413","post","type-post","status-publish","format-standard","has-post-thumbnail","hentry","category-general","category-portada","tag-escola-verda"],"post_mailing_queue_ids":[],"_links":{"self":[{"href":"https:\/\/agora.xtec.cat\/iesvinyet\/wp-json\/wp\/v2\/posts\/1413","targetHints":{"allow":["GET"]}}],"collection":[{"href":"https:\/\/agora.xtec.cat\/iesvinyet\/wp-json\/wp\/v2\/posts"}],"about":[{"href":"https:\/\/agora.xtec.cat\/iesvinyet\/wp-json\/wp\/v2\/types\/post"}],"author":[{"embeddable":true,"href":"https:\/\/agora.xtec.cat\/iesvinyet\/wp-json\/wp\/v2\/users\/49"}],"replies":[{"embeddable":true,"href":"https:\/\/agora.xtec.cat\/iesvinyet\/wp-json\/wp\/v2\/comments?post=1413"}],"version-history":[{"count":3,"href":"https:\/\/agora.xtec.cat\/iesvinyet\/wp-json\/wp\/v2\/posts\/1413\/revisions"}],"predecessor-version":[{"id":1421,"href":"https:\/\/agora.xtec.cat\/iesvinyet\/wp-json\/wp\/v2\/posts\/1413\/revisions\/1421"}],"wp:featuredmedia":[{"embeddable":true,"href":"https:\/\/agora.xtec.cat\/iesvinyet\/wp-json\/wp\/v2\/media\/1418"}],"wp:attachment":[{"href":"https:\/\/agora.xtec.cat\/iesvinyet\/wp-json\/wp\/v2\/media?parent=1413"}],"wp:term":[{"taxonomy":"category","embeddable":true,"href":"https:\/\/agora.xtec.cat\/iesvinyet\/wp-json\/wp\/v2\/categories?post=1413"},{"taxonomy":"post_tag","embeddable":true,"href":"https:\/\/agora.xtec.cat\/iesvinyet\/wp-json\/wp\/v2\/tags?post=1413"}],"curies":[{"name":"wp","href":"https:\/\/api.w.org\/{rel}","templated":true}]}}