{"id":1384,"date":"2017-12-18T13:58:29","date_gmt":"2017-12-18T12:58:29","guid":{"rendered":"http:\/\/agora.xtec.cat\/iesvinyet\/?p=1384"},"modified":"2017-12-19T14:12:55","modified_gmt":"2017-12-19T13:12:55","slug":"auca-del-senyor-esteve","status":"publish","type":"post","link":"https:\/\/agora.xtec.cat\/iesvinyet\/general\/auca-del-senyor-esteve\/","title":{"rendered":"L&#8217;Auca del senyor Esteve ( V\u00eddeo I i II)"},"content":{"rendered":"<div id=\":161\" class=\"ii gt adP adO\">\n<div id=\":160\" class=\"a3s aXjCH m1606942cd81c6b56\">\n<div dir=\"ltr\"><\/div>\n<div dir=\"ltr\"><\/div>\n<div dir=\"ltr\">\n<p>&#8220;Enguany s&#8217;ha fet una exposici\u00f3 de Santiago Rusi\u00f1ol i la seva obra\u00a0<i>L&#8217;auca del senyor Esteve<\/i>\u00a0a l&#8217;espai de l&#8217;Escorxador de Sitges. Dins els actes de cloenda del passat 17 de desembre els alumnes del Vinyet que formen part del projecte teatral conjuntament amb l&#8217;institut Benapr\u00e8s van fer una representaci\u00f3 de l&#8217;acte V de l&#8217;adaptaci\u00f3 de l&#8217;<i>Auca<\/i>. Aquest acte \u00e9s la part central de l&#8217;obra i \u00e9s on s&#8217;hi reflecteix el conflicte principal, a m\u00e9s de tenir una forta c\u00e0rrega dram\u00e0tica, i ens va semblar el m\u00e9s significatiu per a tancar l&#8217;exposici\u00f3. Aqu\u00ed teniu la gravaci\u00f3.&#8221;<\/p>\n<p>Primera part<\/p>\n<div class=\"yj6qo\"><\/div>\n<\/div>\n<\/div>\n<\/div>\n<div id=\":14t\" class=\"hq gt a10\"><\/div>\n<p><iframe loading=\"lazy\" src=\"https:\/\/www.youtube.com\/embed\/GMKBktDnezk\" width=\"560\" height=\"315\" frameborder=\"0\" allowfullscreen=\"allowfullscreen\"><\/iframe><\/p>\n<p>Segona part<br \/>\n<iframe loading=\"lazy\" src=\"https:\/\/www.youtube.com\/embed\/ki3LQAv5U40\" width=\"560\" height=\"315\" frameborder=\"0\" allowfullscreen=\"allowfullscreen\"><\/iframe><\/p>\n","protected":false},"excerpt":{"rendered":"<p><iframe loading=\"lazy\" width=\"560\" height=\"315\" src=\"https:\/\/www.youtube.com\/embed\/GMKBktDnezk\" frameborder=\"0\" gesture=\"media\" allow=\"encrypted-media\" allowfullscreen><\/iframe>&hellip;  <a href=\"https:\/\/agora.xtec.cat\/iesvinyet\/general\/auca-del-senyor-esteve\/\" title=\"Read L&#8217;Auca del senyor Esteve ( V\u00eddeo I i II)\">Llegeix m\u00e9s\u00bb<\/a><\/p>\n","protected":false},"author":13,"featured_media":0,"comment_status":"open","ping_status":"closed","sticky":false,"template":"","format":"standard","meta":{"_bbp_topic_count":0,"_bbp_reply_count":0,"_bbp_total_topic_count":0,"_bbp_total_reply_count":0,"_bbp_voice_count":0,"_bbp_anonymous_reply_count":0,"_bbp_topic_count_hidden":0,"_bbp_reply_count_hidden":0,"_bbp_forum_subforum_count":0,"footnotes":""},"categories":[1,29],"tags":[],"class_list":["post-1384","post","type-post","status-publish","format-standard","hentry","category-general","category-portada"],"post_mailing_queue_ids":[],"_links":{"self":[{"href":"https:\/\/agora.xtec.cat\/iesvinyet\/wp-json\/wp\/v2\/posts\/1384","targetHints":{"allow":["GET"]}}],"collection":[{"href":"https:\/\/agora.xtec.cat\/iesvinyet\/wp-json\/wp\/v2\/posts"}],"about":[{"href":"https:\/\/agora.xtec.cat\/iesvinyet\/wp-json\/wp\/v2\/types\/post"}],"author":[{"embeddable":true,"href":"https:\/\/agora.xtec.cat\/iesvinyet\/wp-json\/wp\/v2\/users\/13"}],"replies":[{"embeddable":true,"href":"https:\/\/agora.xtec.cat\/iesvinyet\/wp-json\/wp\/v2\/comments?post=1384"}],"version-history":[{"count":3,"href":"https:\/\/agora.xtec.cat\/iesvinyet\/wp-json\/wp\/v2\/posts\/1384\/revisions"}],"predecessor-version":[{"id":1388,"href":"https:\/\/agora.xtec.cat\/iesvinyet\/wp-json\/wp\/v2\/posts\/1384\/revisions\/1388"}],"wp:attachment":[{"href":"https:\/\/agora.xtec.cat\/iesvinyet\/wp-json\/wp\/v2\/media?parent=1384"}],"wp:term":[{"taxonomy":"category","embeddable":true,"href":"https:\/\/agora.xtec.cat\/iesvinyet\/wp-json\/wp\/v2\/categories?post=1384"},{"taxonomy":"post_tag","embeddable":true,"href":"https:\/\/agora.xtec.cat\/iesvinyet\/wp-json\/wp\/v2\/tags?post=1384"}],"curies":[{"name":"wp","href":"https:\/\/api.w.org\/{rel}","templated":true}]}}