{"id":1102,"date":"2016-12-15T17:12:10","date_gmt":"2016-12-15T16:12:10","guid":{"rendered":"http:\/\/agora.xtec.cat\/iesvinyet\/?p=1102"},"modified":"2017-08-25T11:13:40","modified_gmt":"2017-08-25T09:13:40","slug":"linstitut-vinyet-inaugura-la-instal-lacio-posa-fil-a-lagulla","status":"publish","type":"post","link":"https:\/\/agora.xtec.cat\/iesvinyet\/general\/linstitut-vinyet-inaugura-la-instal-lacio-posa-fil-a-lagulla\/","title":{"rendered":"L&#8217;Institut Vinyet inaugura la instal.laci\u00f3 &#8220;Posa fil a l&#8217;agulla&#8221;"},"content":{"rendered":"<p><a href=\"http:\/\/agora.xtec.cat\/iesvinyet\/wp-content\/uploads\/usu987\/2016\/12\/fil_agulla.jpg\"><img loading=\"lazy\" decoding=\"async\" class=\"size-medium wp-image-1103 aligncenter\" src=\"http:\/\/agora.xtec.cat\/iesvinyet\/wp-content\/uploads\/usu987\/2016\/12\/fil_agulla-300x224.jpg\" alt=\"\" width=\"300\" height=\"224\" srcset=\"https:\/\/agora.xtec.cat\/iesvinyet\/wp-content\/uploads\/usu987\/2016\/12\/fil_agulla-300x224.jpg 300w, https:\/\/agora.xtec.cat\/iesvinyet\/wp-content\/uploads\/usu987\/2016\/12\/fil_agulla-200x150.jpg 200w, https:\/\/agora.xtec.cat\/iesvinyet\/wp-content\/uploads\/usu987\/2016\/12\/fil_agulla.jpg 600w\" sizes=\"auto, (max-width: 300px) 100vw, 300px\" \/><\/a><\/p>\n<div>L&#8217;Institut Vinyet inaugura la instal.laci\u00f3 &#8220;Posa fil a l&#8217;agulla&#8221; realitzada pels alumnes de l&#8217;optativa de Visual i Pl\u00e0stica de 4t.<\/div>\n<div>El so del viol\u00ed simbolitza el fil que volem posar a l&#8217;agulla per acabar amb aquesta lacra social.<\/div>\n<div>Els alumnes de l&#8217;optativa de M\u00fasica de 4t d&#8217;ESO amb el Carlos Mart\u00edn (viol\u00ed) han realitzat una actuaci\u00f3\u00a0po\u00e8tica i musical per a aquest acte commoratiu.<\/div>\n","protected":false},"excerpt":{"rendered":"<p>Els alumnes de l&#8217;optativa de M\u00fasica de 4t d&#8217;ESO amb el Carlos Mart\u00edn (viol\u00ed) han realitzat una actuaci\u00f3 po\u00e8tica i musical per a aquest acte commoratiu.&hellip;  <a href=\"https:\/\/agora.xtec.cat\/iesvinyet\/general\/linstitut-vinyet-inaugura-la-instal-lacio-posa-fil-a-lagulla\/\" title=\"Read L&#8217;Institut Vinyet inaugura la instal.laci\u00f3 &#8220;Posa fil a l&#8217;agulla&#8221;\">Llegeix m\u00e9s\u00bb<\/a><\/p>\n","protected":false},"author":1,"featured_media":1103,"comment_status":"open","ping_status":"closed","sticky":false,"template":"","format":"standard","meta":{"_bbp_topic_count":0,"_bbp_reply_count":0,"_bbp_total_topic_count":0,"_bbp_total_reply_count":0,"_bbp_voice_count":0,"_bbp_anonymous_reply_count":0,"_bbp_topic_count_hidden":0,"_bbp_reply_count_hidden":0,"_bbp_forum_subforum_count":0,"footnotes":""},"categories":[66,8,3,1,29],"tags":[],"class_list":["post-1102","post","type-post","status-publish","format-standard","has-post-thumbnail","hentry","category-activitats_sortides","category-batxillerat","category-eso","category-general","category-portada"],"post_mailing_queue_ids":[],"_links":{"self":[{"href":"https:\/\/agora.xtec.cat\/iesvinyet\/wp-json\/wp\/v2\/posts\/1102","targetHints":{"allow":["GET"]}}],"collection":[{"href":"https:\/\/agora.xtec.cat\/iesvinyet\/wp-json\/wp\/v2\/posts"}],"about":[{"href":"https:\/\/agora.xtec.cat\/iesvinyet\/wp-json\/wp\/v2\/types\/post"}],"author":[{"embeddable":true,"href":"https:\/\/agora.xtec.cat\/iesvinyet\/wp-json\/wp\/v2\/users\/1"}],"replies":[{"embeddable":true,"href":"https:\/\/agora.xtec.cat\/iesvinyet\/wp-json\/wp\/v2\/comments?post=1102"}],"version-history":[{"count":3,"href":"https:\/\/agora.xtec.cat\/iesvinyet\/wp-json\/wp\/v2\/posts\/1102\/revisions"}],"predecessor-version":[{"id":1223,"href":"https:\/\/agora.xtec.cat\/iesvinyet\/wp-json\/wp\/v2\/posts\/1102\/revisions\/1223"}],"wp:featuredmedia":[{"embeddable":true,"href":"https:\/\/agora.xtec.cat\/iesvinyet\/wp-json\/wp\/v2\/media\/1103"}],"wp:attachment":[{"href":"https:\/\/agora.xtec.cat\/iesvinyet\/wp-json\/wp\/v2\/media?parent=1102"}],"wp:term":[{"taxonomy":"category","embeddable":true,"href":"https:\/\/agora.xtec.cat\/iesvinyet\/wp-json\/wp\/v2\/categories?post=1102"},{"taxonomy":"post_tag","embeddable":true,"href":"https:\/\/agora.xtec.cat\/iesvinyet\/wp-json\/wp\/v2\/tags?post=1102"}],"curies":[{"name":"wp","href":"https:\/\/api.w.org\/{rel}","templated":true}]}}