{"id":1097,"date":"2016-12-15T17:02:34","date_gmt":"2016-12-15T16:02:34","guid":{"rendered":"http:\/\/agora.xtec.cat\/iesvinyet\/?p=1097"},"modified":"2016-12-15T17:08:29","modified_gmt":"2016-12-15T16:08:29","slug":"cursa-de-nadal","status":"publish","type":"post","link":"https:\/\/agora.xtec.cat\/iesvinyet\/general\/cursa-de-nadal\/","title":{"rendered":"Cursa de Nadal"},"content":{"rendered":"<p><a href=\"https:\/\/dl.dropboxusercontent.com\/u\/84358553\/intranet\/documents\/carta_cursa_2016.pdf\" target=\"_blank\"><img loading=\"lazy\" decoding=\"async\" class=\"alignnone size-full wp-image-1098\" src=\"http:\/\/agora.xtec.cat\/iesvinyet\/wp-content\/uploads\/usu987\/2016\/12\/niger.jpg\" alt=\"niger\" width=\"250\" height=\"332\" srcset=\"https:\/\/agora.xtec.cat\/iesvinyet\/wp-content\/uploads\/usu987\/2016\/12\/niger.jpg 250w, https:\/\/agora.xtec.cat\/iesvinyet\/wp-content\/uploads\/usu987\/2016\/12\/niger-226x300.jpg 226w\" sizes=\"auto, (max-width: 250px) 100vw, 250px\" \/><\/a><\/p>\n<p>Benvolguts companys, els alumnes de l\u2019optativa \u201cENREDA\u2019T AMB UNICEF\u201d us volem informar de que el proper dijous 22 de desembre estem preparant la IV CURSA SOLID\u00c0RIA que organitza el nostre institut per donar suport a la tasca que fa Unicef al N\u00edger. Es per aix\u00f2 que ens adrecem a tots vosaltres per animar-vos a participar. Cada dia podem sentir not\u00edcies de com s\u2019ho estant passant de malament tants i tants nens al m\u00f3n. Nosaltres volem contribuir amb les nostres gotes per poder ajudar als nens que viuen al N\u00edger. El N\u00edger \u00e9s un dels pa\u00efsos m\u00e9s pobres del nostre planeta i aix\u00f2 repercuteix de manera molt negativa en els nens (sobretot nenes) que es veuen privats dels seus drets. Durant el mes de desembre a l\u2019hora del pati trobareu als vostres companys de 1r ESO que faran les inscripcions per participar. La data l\u00edmit d\u2019 inscripcions dimecres 21 de desembre. El preu d\u2019 inscripci\u00f3 a la cursa \u00e9s de 2 euros. Els participants a la cursa hauran de portar la samarreta de l\u2019institut. A tots els participants se\u2019ls lliurar\u00e0 un dorsal el dia de la cursa on hauran d\u2019escriure: el seu nom, cognoms i curs. Al final de la cursa rebran una polsera d\u2019Unicef.<\/p>\n","protected":false},"excerpt":{"rendered":"<p>Benvolguts companys, els alumnes de l\u2019optativa \u201cENREDA\u2019T AMB UNICEF\u201d us volem informar de que el proper dijous 22 de desembre estem preparant la IV CURSA SOLID\u00c0RIA que organitza el nostre institut per donar suport a la tasca que fa Unicef al N\u00edger. Es per aix\u00f2 que ens adrecem a tots vosaltres per animar-vos a participar.&hellip;  <a href=\"https:\/\/agora.xtec.cat\/iesvinyet\/general\/cursa-de-nadal\/\" title=\"Read Cursa de Nadal\">Llegeix m\u00e9s\u00bb<\/a><\/p>\n","protected":false},"author":1,"featured_media":1098,"comment_status":"open","ping_status":"open","sticky":false,"template":"","format":"standard","meta":{"_bbp_topic_count":0,"_bbp_reply_count":0,"_bbp_total_topic_count":0,"_bbp_total_reply_count":0,"_bbp_voice_count":0,"_bbp_anonymous_reply_count":0,"_bbp_topic_count_hidden":0,"_bbp_reply_count_hidden":0,"_bbp_forum_subforum_count":0,"footnotes":""},"categories":[1,29],"tags":[],"class_list":["post-1097","post","type-post","status-publish","format-standard","has-post-thumbnail","hentry","category-general","category-portada"],"post_mailing_queue_ids":[],"_links":{"self":[{"href":"https:\/\/agora.xtec.cat\/iesvinyet\/wp-json\/wp\/v2\/posts\/1097","targetHints":{"allow":["GET"]}}],"collection":[{"href":"https:\/\/agora.xtec.cat\/iesvinyet\/wp-json\/wp\/v2\/posts"}],"about":[{"href":"https:\/\/agora.xtec.cat\/iesvinyet\/wp-json\/wp\/v2\/types\/post"}],"author":[{"embeddable":true,"href":"https:\/\/agora.xtec.cat\/iesvinyet\/wp-json\/wp\/v2\/users\/1"}],"replies":[{"embeddable":true,"href":"https:\/\/agora.xtec.cat\/iesvinyet\/wp-json\/wp\/v2\/comments?post=1097"}],"version-history":[{"count":3,"href":"https:\/\/agora.xtec.cat\/iesvinyet\/wp-json\/wp\/v2\/posts\/1097\/revisions"}],"predecessor-version":[{"id":1101,"href":"https:\/\/agora.xtec.cat\/iesvinyet\/wp-json\/wp\/v2\/posts\/1097\/revisions\/1101"}],"wp:featuredmedia":[{"embeddable":true,"href":"https:\/\/agora.xtec.cat\/iesvinyet\/wp-json\/wp\/v2\/media\/1098"}],"wp:attachment":[{"href":"https:\/\/agora.xtec.cat\/iesvinyet\/wp-json\/wp\/v2\/media?parent=1097"}],"wp:term":[{"taxonomy":"category","embeddable":true,"href":"https:\/\/agora.xtec.cat\/iesvinyet\/wp-json\/wp\/v2\/categories?post=1097"},{"taxonomy":"post_tag","embeddable":true,"href":"https:\/\/agora.xtec.cat\/iesvinyet\/wp-json\/wp\/v2\/tags?post=1097"}],"curies":[{"name":"wp","href":"https:\/\/api.w.org\/{rel}","templated":true}]}}