{"id":30520,"date":"2026-08-30T17:39:04","date_gmt":"2026-08-30T15:39:04","guid":{"rendered":"https:\/\/agora.xtec.cat\/iesvilatzara\/?p=30520"},"modified":"2026-08-30T17:41:56","modified_gmt":"2026-08-30T15:41:56","slug":"inici-de-curs-2026-2027","status":"publish","type":"post","link":"https:\/\/agora.xtec.cat\/iesvilatzara\/noticies-portada\/inici-de-curs-2026-2027\/","title":{"rendered":"Inici de curs 2026-2027"},"content":{"rendered":"<p>Benvolgudes fam\u00edlies,<\/p>\n<p>De cara a l\u2019inici del nou curs, us informem que el proper <span style=\"color: #000000;\">dilluns <strong>7\u00a0de setembre<\/strong>, a les 11:30 hores, s<\/span>&#8216;ha previst fer l\u2019acollida de l\u2019alumnat de 1r d\u2019ESO.<\/p>\n<p>El <b>dimarts 8 de setembre<\/b> comen\u00e7a el nou curs escolar per l\u2019alumnat d\u2019ESO i Batxillerat. Es far\u00e0 una entrada esglaonada de la seg\u00fcent manera:<\/p>\n<ul>\n<li style=\"list-style-type: none;\">\n<ul>\n<li aria-level=\"1\"><span style=\"color: #000000;\"><b>1r d\u2019ESO<\/b>\u00a0far\u00e0 l\u2019entrada a les\u00a0<b>9 hores<\/b>\u00a0amb el tutor\/a del grup. A les 10:20 hores es lliuraran i es confirguraran els ordinadors de pr\u00e9stec, i a partir de les 12:30 hores es far\u00e0 classe en horari est\u00e0ndard fins les 14:30 hores.<\/span><\/li>\n<li aria-level=\"1\"><span style=\"color: #000000;\"><b>2n i 3r d\u2019ESO<\/b>\u00a0far\u00e0 l\u2019entrada a les\u00a0<b>8:30<\/b>\u00a0amb el tutor\/a del grup i a partir de les 10:20 hores far\u00e0 classe en horari est\u00e0ndard fins les 14:30 hores. Cal que portin el material d\u2019aula habitual i l\u2019ordinador.<\/span><\/li>\n<li aria-level=\"1\"><span style=\"color: #000000;\"><b>4t d\u2019ESO<\/b>\u00a0faran l\u2019entrada a les\u00a0<b>8 hores<\/b>\u00a0amb el tutor\/a del grup i a partir de les 10:00 hores far\u00e0 classe en horari est\u00e0ndard fins les 14:30 hores. Cal que portin el material d\u2019aula habitual i l\u2019ordinador.<\/span><\/li>\n<li><span style=\"color: #000000;\"><b>1r i 2n de batxillerat<\/b> faran l\u2019entrada a les <strong>9:30<\/strong><b> <\/b>amb el tutor\/a del grup i a partir de les 11:30 hores far\u00e0 classe en horari est\u00e0ndard fins les 14:30 hores. Cal que portin el material d\u2019aula habitual i l\u2019ordinador.<\/span><\/li>\n<\/ul>\n<\/li>\n<\/ul>\n<p>Finalment, aprofitem per compartir-vos els seg\u00fcents documents que us poden ser d\u2019utilitat.<\/p>\n<ul>\n<li style=\"list-style-type: none;\">\n<ul>\n<li><a href=\"https:\/\/agora.xtec.cat\/iesvilatzara\/wp-content\/uploads\/usu356\/2026\/07\/Calendari-escolar-2627.pdf\" target=\"_blank\" rel=\"noopener\">Calendari escolar<\/a><\/li>\n<li><a href=\"https:\/\/docs.google.com\/presentation\/d\/e\/2PACX-1vS8NKwbRRE5VQlVgvA19myR70lGNsvmh_GVAK5HWQWOkNOVdSO4PFRP9fgxJ8AK-aGCtRlcwkiQFh7c\/pub?start=false&amp;loop=false&amp;delayms=3000\" target=\"_blank\" rel=\"noopener\">Informacions d\u2019inici de curs<\/a><\/li>\n<li><a href=\"https:\/\/docs.google.com\/presentation\/d\/e\/2PACX-1vTSxdkKeGpyktO_vVqQsXSzckLK-Pl7Z2eKQmL79Ai-pTaAnhh0zvTrjjY15NCaEZ00IVVv-LuWLcUe\/pub?start=false&amp;loop=false&amp;delayms=3000\" target=\"_blank\" rel=\"noopener\">Mesures organitzatives<\/a><\/li>\n<li><a href=\"https:\/\/docs.google.com\/presentation\/d\/e\/2PACX-1vQC-WbceAJDhPsN08Laibnjrs6bAZNPHfuyPvp_TVMA0ys1tY2w_9rvGWgt14SMhLOQiR_RIH9Rwttc\/pub?start=false&amp;loop=false&amp;delayms=3000\" target=\"_blank\" rel=\"noopener\">Aules grups classe<\/a><\/li>\n<li><a href=\"https:\/\/docs.google.com\/presentation\/d\/e\/2PACX-1vSyLAPEWxa5ilM-1okuqQR-H_64hP_JvBJRc6Gf1hj6VDOfU3FXDzIPaNd-h-FeGPYnuy2IMEUtKLG4\/pub?start=false&amp;loop=false&amp;delayms=3000\" target=\"_blank\" rel=\"noopener\">Reuni\u00f3 informativa 1r d\u2019ESO juliol 2026<\/a><\/li>\n<li><a href=\"https:\/\/docs.google.com\/presentation\/d\/e\/2PACX-1vQJIHfsz2q0njTukpiNQJAt0y3FVSE4nn0Yry8bGEgNuTYfM5-J3rXsCqmmLopyAfHR0yre3rcYBlBA\/pub?start=false&amp;loop=false&amp;delayms=3000\" target=\"_blank\" rel=\"noopener\">Material escolar<\/a><\/li>\n<li><a href=\"https:\/\/docs.google.com\/presentation\/d\/e\/2PACX-1vSWFFusjPMh7k7jxfkjLKYMCysVc3Vs0ZzX7KN462Rq26DG6d7aZU9LaXyqo1FkgBbHPUXjBPGzlppT\/pub?start=false&amp;loop=false&amp;delayms=3000&amp;slide=id.ge3c1dcd5f0_0_0\" target=\"_blank\" rel=\"noopener\">Llibres de lectura d\u2019ESO<\/a><\/li>\n<li><a href=\"https:\/\/docs.google.com\/presentation\/d\/e\/2PACX-1vSqQQ4mXWhQZuTAH7unFBsTNuflZjFEA5CPHmIyQVpKhF8oO-5MN2OfGORyBja4l9ofaOcrhANvbYt3\/pub?start=false&amp;loop=false&amp;delayms=3000&amp;slide=id.ge3c1dcd5f0_0_0\" target=\"_blank\" rel=\"noopener\">Llibres de Batxillerat<\/a><\/li>\n<li><a href=\"https:\/\/agora.xtec.cat\/iesvilatzara\/el-centre\/preinscripcio-i-matricula\/quotes-i-calendari\/\" target=\"_blank\" rel=\"noopener\">Quotes i Calendari<\/a><\/li>\n<li><a href=\"https:\/\/agora.xtec.cat\/iesvilatzara\/el-centre\/cultura-digital\/pla-dacollida\/\" target=\"_blank\" rel=\"noopener\">Pla digital<\/a><\/li>\n<li><a href=\"https:\/\/agora.xtec.cat\/iesvilatzara\/el-centre\/cultura-digital\/entorns-virtuals\/\" target=\"_blank\" rel=\"noopener\">Comunicaci\u00f3<\/a><\/li>\n<li><a href=\"https:\/\/agora.xtec.cat\/iesvilatzara\/el-centre\/documentacio\/\" target=\"_blank\" rel=\"noopener\">Altres documents<\/a><\/li>\n<\/ul>\n<\/li>\n<\/ul>\n<p>Us desitgem un bon inici de curs!<\/p>\n","protected":false},"excerpt":{"rendered":"<p>Benvolgudes fam\u00edlies,<br \/>\nDe cara a l\u2019inici del nou curs, us informem que el proper dilluns 7\u00a0de setembre, a les 11:30 hores, s&#8216;ha previst fer l\u2019acollida de l\u2019alumnat de 1r d\u2019ESO.<br \/>\nEl dimarts 8 de setembre comen\u00e7a el nou curs escolar per l\u2019alumnat d\u2019ESO i Batxillerat. Es far\u00e0&hellip;  <a href=\"https:\/\/agora.xtec.cat\/iesvilatzara\/noticies-portada\/inici-de-curs-2026-2027\/\" title=\"Read Inici de curs 2026-2027\">Llegeix m\u00e9s\u00bb<\/a><\/p>\n","protected":false},"author":1,"featured_media":26675,"comment_status":"open","ping_status":"open","sticky":true,"template":"","format":"standard","meta":{"_bbp_topic_count":0,"_bbp_reply_count":0,"_bbp_total_topic_count":0,"_bbp_total_reply_count":0,"_bbp_voice_count":0,"_bbp_anonymous_reply_count":0,"_bbp_topic_count_hidden":0,"_bbp_reply_count_hidden":0,"_bbp_forum_subforum_count":0,"footnotes":""},"categories":[64,1],"tags":[],"class_list":["post-30520","post","type-post","status-publish","format-standard","has-post-thumbnail","hentry","category-informacions","category-noticies-portada"],"post_mailing_queue_ids":[],"_links":{"self":[{"href":"https:\/\/agora.xtec.cat\/iesvilatzara\/wp-json\/wp\/v2\/posts\/30520","targetHints":{"allow":["GET"]}}],"collection":[{"href":"https:\/\/agora.xtec.cat\/iesvilatzara\/wp-json\/wp\/v2\/posts"}],"about":[{"href":"https:\/\/agora.xtec.cat\/iesvilatzara\/wp-json\/wp\/v2\/types\/post"}],"author":[{"embeddable":true,"href":"https:\/\/agora.xtec.cat\/iesvilatzara\/wp-json\/wp\/v2\/users\/1"}],"replies":[{"embeddable":true,"href":"https:\/\/agora.xtec.cat\/iesvilatzara\/wp-json\/wp\/v2\/comments?post=30520"}],"version-history":[{"count":6,"href":"https:\/\/agora.xtec.cat\/iesvilatzara\/wp-json\/wp\/v2\/posts\/30520\/revisions"}],"predecessor-version":[{"id":30529,"href":"https:\/\/agora.xtec.cat\/iesvilatzara\/wp-json\/wp\/v2\/posts\/30520\/revisions\/30529"}],"wp:featuredmedia":[{"embeddable":true,"href":"https:\/\/agora.xtec.cat\/iesvilatzara\/wp-json\/wp\/v2\/media\/26675"}],"wp:attachment":[{"href":"https:\/\/agora.xtec.cat\/iesvilatzara\/wp-json\/wp\/v2\/media?parent=30520"}],"wp:term":[{"taxonomy":"category","embeddable":true,"href":"https:\/\/agora.xtec.cat\/iesvilatzara\/wp-json\/wp\/v2\/categories?post=30520"},{"taxonomy":"post_tag","embeddable":true,"href":"https:\/\/agora.xtec.cat\/iesvilatzara\/wp-json\/wp\/v2\/tags?post=30520"}],"curies":[{"name":"wp","href":"https:\/\/api.w.org\/{rel}","templated":true}]}}