{"id":30385,"date":"2026-06-15T15:06:10","date_gmt":"2026-06-15T13:06:10","guid":{"rendered":"https:\/\/agora.xtec.cat\/iesvilatzara\/?p=30385"},"modified":"2026-06-18T09:42:22","modified_gmt":"2026-06-18T07:42:22","slug":"el-vilatzara-a-la-gran-final-dels-mschool-awards-2026","status":"publish","type":"post","link":"https:\/\/agora.xtec.cat\/iesvilatzara\/noticies-portada\/el-vilatzara-a-la-gran-final-dels-mschool-awards-2026\/","title":{"rendered":"El Vilatzara, a la gran final dels mSchool Awards 2026"},"content":{"rendered":"<p>El passat dissabte 13 de juny vam tenir l\u2019oportunitat de participar a la final dels <strong>mSchools Awards 2026<\/strong>, celebrada a La Farga de l\u2019Hospitalet, amb el projecte\u00a0<em>Exploring Sea Life through AR<\/em>.<\/p>\n<p>Durant la jornada, vuit representants de 3r d\u2019ESO i els professors Albert Iglesias, Jes\u00fas Arbu\u00e9s i Ester Magriny\u00e0 van presentar el projecte davant dels assistents i del jurat, compartint una experi\u00e8ncia educativa que combina la inclusi\u00f3, l\u2019aprenentatge de l\u2019angl\u00e8s i l\u2019\u00fas de tecnologies immersives com la realitat augmentada.<\/p>\n<p>Al llarg del dia, vam poder donar a con\u00e8ixer la creativitat i el comprom\u00eds dels nostres alumnes, aix\u00ed com l\u2019impacte positiu que aquestes metodologies innovadores tenen, sobretot, en infants i alumnat amb diversitat funcional.<\/p>\n<p>La jornada tamb\u00e9 ens va permetre compartir espai amb professionals destacats del sector tecnol\u00f2gic i educatiu. Entre les visites m\u00e9s rellevants, vam tenir l\u2019oportunitat de presentar el nostre projecte a John Hoffman, que en breu assumir\u00e0 la presid\u00e8ncia de GSMA Ltd despr\u00e9s d\u2019haver estat al capdavant del Mobile World Congress durant m\u00e9s de vint anys.<\/p>\n<p>Estem molt orgullosos d\u2019haver format part d\u2019aquesta experi\u00e8ncia i volem felicitar tot l\u2019alumnat implicat per l\u2019esfor\u00e7, la dedicaci\u00f3 i l\u2019entusiasme demostrats durant totes les fases del projecte.<\/p>\n<p><img loading=\"lazy\" decoding=\"async\" class=\"aligncenter size-full wp-image-30386\" src=\"https:\/\/agora.xtec.cat\/iesvilatzara\/wp-content\/uploads\/usu356\/2026\/06\/mschools-awards-2026.jpg\" alt=\"\" width=\"1000\" height=\"750\" srcset=\"https:\/\/agora.xtec.cat\/iesvilatzara\/wp-content\/uploads\/usu356\/2026\/06\/mschools-awards-2026.jpg 1000w, https:\/\/agora.xtec.cat\/iesvilatzara\/wp-content\/uploads\/usu356\/2026\/06\/mschools-awards-2026-300x225.jpg 300w, https:\/\/agora.xtec.cat\/iesvilatzara\/wp-content\/uploads\/usu356\/2026\/06\/mschools-awards-2026-768x576.jpg 768w, https:\/\/agora.xtec.cat\/iesvilatzara\/wp-content\/uploads\/usu356\/2026\/06\/mschools-awards-2026-200x150.jpg 200w\" sizes=\"auto, (max-width: 1000px) 100vw, 1000px\" \/> <img loading=\"lazy\" decoding=\"async\" class=\"aligncenter size-large wp-image-30387\" src=\"https:\/\/agora.xtec.cat\/iesvilatzara\/wp-content\/uploads\/usu356\/2026\/06\/mschools-awards.jpg\" alt=\"\" width=\"1000\" height=\"750\" srcset=\"https:\/\/agora.xtec.cat\/iesvilatzara\/wp-content\/uploads\/usu356\/2026\/06\/mschools-awards.jpg 1000w, https:\/\/agora.xtec.cat\/iesvilatzara\/wp-content\/uploads\/usu356\/2026\/06\/mschools-awards-300x225.jpg 300w, https:\/\/agora.xtec.cat\/iesvilatzara\/wp-content\/uploads\/usu356\/2026\/06\/mschools-awards-768x576.jpg 768w, https:\/\/agora.xtec.cat\/iesvilatzara\/wp-content\/uploads\/usu356\/2026\/06\/mschools-awards-200x150.jpg 200w\" sizes=\"auto, (max-width: 1000px) 100vw, 1000px\" \/><\/p>\n<p><img loading=\"lazy\" decoding=\"async\" class=\"aligncenter size-full wp-image-30388\" src=\"https:\/\/agora.xtec.cat\/iesvilatzara\/wp-content\/uploads\/usu356\/2026\/06\/schools-awards.jpg\" alt=\"\" width=\"1000\" height=\"750\" srcset=\"https:\/\/agora.xtec.cat\/iesvilatzara\/wp-content\/uploads\/usu356\/2026\/06\/schools-awards.jpg 1000w, https:\/\/agora.xtec.cat\/iesvilatzara\/wp-content\/uploads\/usu356\/2026\/06\/schools-awards-300x225.jpg 300w, https:\/\/agora.xtec.cat\/iesvilatzara\/wp-content\/uploads\/usu356\/2026\/06\/schools-awards-768x576.jpg 768w, https:\/\/agora.xtec.cat\/iesvilatzara\/wp-content\/uploads\/usu356\/2026\/06\/schools-awards-200x150.jpg 200w\" sizes=\"auto, (max-width: 1000px) 100vw, 1000px\" \/><\/p>\n","protected":false},"excerpt":{"rendered":"<p>El passat dissabte 13 de juny vam tenir l\u2019oportunitat de participar a la final dels mSchools Awards 2026, celebrada a La Farga de l\u2019Hospitalet, amb el projecte\u00a0Exploring Sea Life through AR.<br \/>\nDurant la jornada, vuit representants de 3r d\u2019ESO i els professors Albert Iglesias, Jes\u00fas Arbu\u00e9s&hellip;  <a href=\"https:\/\/agora.xtec.cat\/iesvilatzara\/noticies-portada\/el-vilatzara-a-la-gran-final-dels-mschool-awards-2026\/\" title=\"Read El Vilatzara, a la gran final dels mSchool Awards 2026\">Llegeix m\u00e9s\u00bb<\/a><\/p>\n","protected":false},"author":125,"featured_media":30389,"comment_status":"open","ping_status":"open","sticky":false,"template":"","format":"standard","meta":{"_bbp_topic_count":0,"_bbp_reply_count":0,"_bbp_total_topic_count":0,"_bbp_total_reply_count":0,"_bbp_voice_count":0,"_bbp_anonymous_reply_count":0,"_bbp_topic_count_hidden":0,"_bbp_reply_count_hidden":0,"_bbp_forum_subforum_count":0,"footnotes":""},"categories":[108,1,62,101],"tags":[121],"class_list":["post-30385","post","type-post","status-publish","format-standard","has-post-thumbnail","hentry","category-tac","category-noticies-portada","category-premis-i-concursos","category-projectes","tag-butlleti"],"post_mailing_queue_ids":[],"_links":{"self":[{"href":"https:\/\/agora.xtec.cat\/iesvilatzara\/wp-json\/wp\/v2\/posts\/30385","targetHints":{"allow":["GET"]}}],"collection":[{"href":"https:\/\/agora.xtec.cat\/iesvilatzara\/wp-json\/wp\/v2\/posts"}],"about":[{"href":"https:\/\/agora.xtec.cat\/iesvilatzara\/wp-json\/wp\/v2\/types\/post"}],"author":[{"embeddable":true,"href":"https:\/\/agora.xtec.cat\/iesvilatzara\/wp-json\/wp\/v2\/users\/125"}],"replies":[{"embeddable":true,"href":"https:\/\/agora.xtec.cat\/iesvilatzara\/wp-json\/wp\/v2\/comments?post=30385"}],"version-history":[{"count":1,"href":"https:\/\/agora.xtec.cat\/iesvilatzara\/wp-json\/wp\/v2\/posts\/30385\/revisions"}],"predecessor-version":[{"id":30390,"href":"https:\/\/agora.xtec.cat\/iesvilatzara\/wp-json\/wp\/v2\/posts\/30385\/revisions\/30390"}],"wp:featuredmedia":[{"embeddable":true,"href":"https:\/\/agora.xtec.cat\/iesvilatzara\/wp-json\/wp\/v2\/media\/30389"}],"wp:attachment":[{"href":"https:\/\/agora.xtec.cat\/iesvilatzara\/wp-json\/wp\/v2\/media?parent=30385"}],"wp:term":[{"taxonomy":"category","embeddable":true,"href":"https:\/\/agora.xtec.cat\/iesvilatzara\/wp-json\/wp\/v2\/categories?post=30385"},{"taxonomy":"post_tag","embeddable":true,"href":"https:\/\/agora.xtec.cat\/iesvilatzara\/wp-json\/wp\/v2\/tags?post=30385"}],"curies":[{"name":"wp","href":"https:\/\/api.w.org\/{rel}","templated":true}]}}