{"id":30108,"date":"2026-04-20T12:49:21","date_gmt":"2026-04-20T10:49:21","guid":{"rendered":"https:\/\/agora.xtec.cat\/iesvilatzara\/?p=30108"},"modified":"2026-04-20T18:13:00","modified_gmt":"2026-04-20T16:13:00","slug":"lalumnat-de-biomedicina-i-els-alumnes-de-6e-del-vaixell-burriac-aprenen-junts","status":"publish","type":"post","link":"https:\/\/agora.xtec.cat\/iesvilatzara\/noticies-portada\/lalumnat-de-biomedicina-i-els-alumnes-de-6e-del-vaixell-burriac-aprenen-junts\/","title":{"rendered":"L&#8217;alumnat de Biomedicina i els alumnes de 6\u00e8 del Vaixell Burriac aprenen junts"},"content":{"rendered":"<p>Un any m\u00e9s l&#8217;alumnat de Biomedicina de 1r de batxillerat ha col\u00b7laborat amb els alumnes de 6\u00e8 de prim\u00e0ria de l&#8217;Escola Vaixell Burriac. Els nens i nenes de prim\u00e0ria han vingut al Vilatzara per con\u00e8ixer qu\u00e8 \u00e9s l&#8217;ADN i extreure&#8217;l\u00a0de les fruites.<\/p>\n<p>L&#8217;experi\u00e8ncia ha estat molt enriquidora per les dues parts. Els alumnes de Biomedicina han estat professors per un dia i han hagut d&#8217;explicar als m\u00e9s petits com fer una pr\u00e0ctica d&#8217;extracci\u00f3 d&#8217;ADN i ajudar-los a manipular els diferents instruments del laboratori. Per altra banda, l&#8217;alumnat de 6\u00e8 ha apr\u00e8s un nou concepte d&#8217;una forma pr\u00e0ctica i divertida en un laboratori d&#8217;institut i de la m\u00e0 dels alumnes de batxillerat.<\/p>\n<p>Tots han gaudit del moment i tant uns com altres s&#8217;han endut un bon record.<\/p>\n<p><img loading=\"lazy\" decoding=\"async\" class=\"aligncenter size-large wp-image-30110\" src=\"https:\/\/agora.xtec.cat\/iesvilatzara\/wp-content\/uploads\/usu356\/2026\/04\/alumnes-biomedicina-vaixell-burriac-1024x768.jpg\" alt=\"\" width=\"1024\" height=\"768\" srcset=\"https:\/\/agora.xtec.cat\/iesvilatzara\/wp-content\/uploads\/usu356\/2026\/04\/alumnes-biomedicina-vaixell-burriac-1024x768.jpg 1024w, https:\/\/agora.xtec.cat\/iesvilatzara\/wp-content\/uploads\/usu356\/2026\/04\/alumnes-biomedicina-vaixell-burriac-300x225.jpg 300w, https:\/\/agora.xtec.cat\/iesvilatzara\/wp-content\/uploads\/usu356\/2026\/04\/alumnes-biomedicina-vaixell-burriac-768x576.jpg 768w, https:\/\/agora.xtec.cat\/iesvilatzara\/wp-content\/uploads\/usu356\/2026\/04\/alumnes-biomedicina-vaixell-burriac-200x150.jpg 200w, https:\/\/agora.xtec.cat\/iesvilatzara\/wp-content\/uploads\/usu356\/2026\/04\/alumnes-biomedicina-vaixell-burriac.jpg 1500w\" sizes=\"auto, (max-width: 1024px) 100vw, 1024px\" \/><\/p>\n<p><img loading=\"lazy\" decoding=\"async\" class=\"aligncenter size-large wp-image-30112\" src=\"https:\/\/agora.xtec.cat\/iesvilatzara\/wp-content\/uploads\/usu356\/2026\/04\/alumnes-vaixell-burriac-1024x768.jpg\" alt=\"\" width=\"1024\" height=\"768\" srcset=\"https:\/\/agora.xtec.cat\/iesvilatzara\/wp-content\/uploads\/usu356\/2026\/04\/alumnes-vaixell-burriac-1024x768.jpg 1024w, https:\/\/agora.xtec.cat\/iesvilatzara\/wp-content\/uploads\/usu356\/2026\/04\/alumnes-vaixell-burriac-300x225.jpg 300w, https:\/\/agora.xtec.cat\/iesvilatzara\/wp-content\/uploads\/usu356\/2026\/04\/alumnes-vaixell-burriac-768x576.jpg 768w, https:\/\/agora.xtec.cat\/iesvilatzara\/wp-content\/uploads\/usu356\/2026\/04\/alumnes-vaixell-burriac-200x150.jpg 200w, https:\/\/agora.xtec.cat\/iesvilatzara\/wp-content\/uploads\/usu356\/2026\/04\/alumnes-vaixell-burriac.jpg 1500w\" sizes=\"auto, (max-width: 1024px) 100vw, 1024px\" \/> <img loading=\"lazy\" decoding=\"async\" class=\"aligncenter size-large wp-image-30113\" src=\"https:\/\/agora.xtec.cat\/iesvilatzara\/wp-content\/uploads\/usu356\/2026\/04\/vaixell-burriac-alumnes-biomedicina-1024x768.jpg\" alt=\"\" width=\"1024\" height=\"768\" srcset=\"https:\/\/agora.xtec.cat\/iesvilatzara\/wp-content\/uploads\/usu356\/2026\/04\/vaixell-burriac-alumnes-biomedicina-1024x768.jpg 1024w, https:\/\/agora.xtec.cat\/iesvilatzara\/wp-content\/uploads\/usu356\/2026\/04\/vaixell-burriac-alumnes-biomedicina-300x225.jpg 300w, https:\/\/agora.xtec.cat\/iesvilatzara\/wp-content\/uploads\/usu356\/2026\/04\/vaixell-burriac-alumnes-biomedicina-768x576.jpg 768w, https:\/\/agora.xtec.cat\/iesvilatzara\/wp-content\/uploads\/usu356\/2026\/04\/vaixell-burriac-alumnes-biomedicina-200x150.jpg 200w, https:\/\/agora.xtec.cat\/iesvilatzara\/wp-content\/uploads\/usu356\/2026\/04\/vaixell-burriac-alumnes-biomedicina.jpg 1500w\" sizes=\"auto, (max-width: 1024px) 100vw, 1024px\" \/> <img loading=\"lazy\" decoding=\"async\" class=\"aligncenter size-large wp-image-30114\" src=\"https:\/\/agora.xtec.cat\/iesvilatzara\/wp-content\/uploads\/usu356\/2026\/04\/alumnat-vaixell-burriac-biomedicina-vilatzara-1024x768.jpg\" alt=\"\" width=\"1024\" height=\"768\" srcset=\"https:\/\/agora.xtec.cat\/iesvilatzara\/wp-content\/uploads\/usu356\/2026\/04\/alumnat-vaixell-burriac-biomedicina-vilatzara-1024x768.jpg 1024w, https:\/\/agora.xtec.cat\/iesvilatzara\/wp-content\/uploads\/usu356\/2026\/04\/alumnat-vaixell-burriac-biomedicina-vilatzara-300x225.jpg 300w, https:\/\/agora.xtec.cat\/iesvilatzara\/wp-content\/uploads\/usu356\/2026\/04\/alumnat-vaixell-burriac-biomedicina-vilatzara-768x576.jpg 768w, https:\/\/agora.xtec.cat\/iesvilatzara\/wp-content\/uploads\/usu356\/2026\/04\/alumnat-vaixell-burriac-biomedicina-vilatzara-200x150.jpg 200w, https:\/\/agora.xtec.cat\/iesvilatzara\/wp-content\/uploads\/usu356\/2026\/04\/alumnat-vaixell-burriac-biomedicina-vilatzara.jpg 1500w\" sizes=\"auto, (max-width: 1024px) 100vw, 1024px\" \/><\/p>\n","protected":false},"excerpt":{"rendered":"<p>Un any m\u00e9s l&#8217;alumnat de Biomedicina de 1r de batxillerat ha col\u00b7laborat amb els alumnes de 6\u00e8 de prim\u00e0ria de l&#8217;Escola Vaixell Burriac. Els nens i nenes de prim\u00e0ria han vingut al Vilatzara per con\u00e8ixer qu\u00e8 \u00e9s l&#8217;ADN i extreure&#8217;l\u00a0de les fruites.<br \/>\nL&#8217;experi\u00e8ncia ha estat molt&hellip;  <a href=\"https:\/\/agora.xtec.cat\/iesvilatzara\/noticies-portada\/lalumnat-de-biomedicina-i-els-alumnes-de-6e-del-vaixell-burriac-aprenen-junts\/\" title=\"Read L&#8217;alumnat de Biomedicina i els alumnes de 6\u00e8 del Vaixell Burriac aprenen junts\">Llegeix m\u00e9s\u00bb<\/a><\/p>\n","protected":false},"author":125,"featured_media":30109,"comment_status":"open","ping_status":"open","sticky":false,"template":"","format":"standard","meta":{"_bbp_topic_count":0,"_bbp_reply_count":0,"_bbp_total_topic_count":0,"_bbp_total_reply_count":0,"_bbp_voice_count":0,"_bbp_anonymous_reply_count":0,"_bbp_topic_count_hidden":0,"_bbp_reply_count_hidden":0,"_bbp_forum_subforum_count":0,"footnotes":""},"categories":[60,1],"tags":[147],"class_list":["post-30108","post","type-post","status-publish","format-standard","has-post-thumbnail","hentry","category-1r-batxillerat","category-noticies-portada","tag-ciencies"],"post_mailing_queue_ids":[],"_links":{"self":[{"href":"https:\/\/agora.xtec.cat\/iesvilatzara\/wp-json\/wp\/v2\/posts\/30108","targetHints":{"allow":["GET"]}}],"collection":[{"href":"https:\/\/agora.xtec.cat\/iesvilatzara\/wp-json\/wp\/v2\/posts"}],"about":[{"href":"https:\/\/agora.xtec.cat\/iesvilatzara\/wp-json\/wp\/v2\/types\/post"}],"author":[{"embeddable":true,"href":"https:\/\/agora.xtec.cat\/iesvilatzara\/wp-json\/wp\/v2\/users\/125"}],"replies":[{"embeddable":true,"href":"https:\/\/agora.xtec.cat\/iesvilatzara\/wp-json\/wp\/v2\/comments?post=30108"}],"version-history":[{"count":2,"href":"https:\/\/agora.xtec.cat\/iesvilatzara\/wp-json\/wp\/v2\/posts\/30108\/revisions"}],"predecessor-version":[{"id":30115,"href":"https:\/\/agora.xtec.cat\/iesvilatzara\/wp-json\/wp\/v2\/posts\/30108\/revisions\/30115"}],"wp:featuredmedia":[{"embeddable":true,"href":"https:\/\/agora.xtec.cat\/iesvilatzara\/wp-json\/wp\/v2\/media\/30109"}],"wp:attachment":[{"href":"https:\/\/agora.xtec.cat\/iesvilatzara\/wp-json\/wp\/v2\/media?parent=30108"}],"wp:term":[{"taxonomy":"category","embeddable":true,"href":"https:\/\/agora.xtec.cat\/iesvilatzara\/wp-json\/wp\/v2\/categories?post=30108"},{"taxonomy":"post_tag","embeddable":true,"href":"https:\/\/agora.xtec.cat\/iesvilatzara\/wp-json\/wp\/v2\/tags?post=30108"}],"curies":[{"name":"wp","href":"https:\/\/api.w.org\/{rel}","templated":true}]}}