{"id":30098,"date":"2026-04-19T19:03:58","date_gmt":"2026-04-19T17:03:58","guid":{"rendered":"https:\/\/agora.xtec.cat\/iesvilatzara\/?p=30098"},"modified":"2026-04-19T19:03:58","modified_gmt":"2026-04-19T17:03:58","slug":"1r-i-2n-deso-ens-representen-al-concurs-fem-mates","status":"publish","type":"post","link":"https:\/\/agora.xtec.cat\/iesvilatzara\/noticies-portada\/1r-i-2n-deso-ens-representen-al-concurs-fem-mates\/","title":{"rendered":"1r i 2n d&#8217;ESO ens representen al concurs &#8220;Fem mates&#8221;"},"content":{"rendered":"<p>Ahir dissabte, els alumnes de 1r d&#8217;ESO Adri\u00e0, Estel, Jana i Elsa, amb les alumnes de 2n d&#8217;ESO Maia i Luc\u00eda, acompanyats de la professora de matem\u00e0tiques Sheila Ardoy, han participat al concurs &#8220;<a href=\"https:\/\/fm.feemcat.org\/\">Fem matem\u00e0tiques<\/a>&#8220;, a l&#8217;escola Tecnos de Terrassa.<\/p>\n<p>Primer, al mat\u00ed, van fer una prova individual; m\u00e9s tard, una prova col\u00b7lectiva. Tot i que no han guanyat, estan molt contents amb l&#8217;experi\u00e8ncia viscuda. L&#8217;any que ve hi tornarem!<\/p>\n<p><img loading=\"lazy\" decoding=\"async\" class=\"aligncenter size-large wp-image-30101\" src=\"https:\/\/agora.xtec.cat\/iesvilatzara\/wp-content\/uploads\/usu356\/2026\/04\/concurs-fem-matematiques-768x1024.jpg\" alt=\"\" width=\"768\" height=\"1024\" srcset=\"https:\/\/agora.xtec.cat\/iesvilatzara\/wp-content\/uploads\/usu356\/2026\/04\/concurs-fem-matematiques-768x1024.jpg 768w, https:\/\/agora.xtec.cat\/iesvilatzara\/wp-content\/uploads\/usu356\/2026\/04\/concurs-fem-matematiques-225x300.jpg 225w, https:\/\/agora.xtec.cat\/iesvilatzara\/wp-content\/uploads\/usu356\/2026\/04\/concurs-fem-matematiques-1152x1536.jpg 1152w, https:\/\/agora.xtec.cat\/iesvilatzara\/wp-content\/uploads\/usu356\/2026\/04\/concurs-fem-matematiques.jpg 1200w\" sizes=\"auto, (max-width: 768px) 100vw, 768px\" \/><\/p>\n<p><img loading=\"lazy\" decoding=\"async\" class=\"aligncenter size-large wp-image-30099\" src=\"https:\/\/agora.xtec.cat\/iesvilatzara\/wp-content\/uploads\/usu356\/2026\/04\/fem-mates-768x1024.jpg\" alt=\"\" width=\"768\" height=\"1024\" srcset=\"https:\/\/agora.xtec.cat\/iesvilatzara\/wp-content\/uploads\/usu356\/2026\/04\/fem-mates-768x1024.jpg 768w, https:\/\/agora.xtec.cat\/iesvilatzara\/wp-content\/uploads\/usu356\/2026\/04\/fem-mates-225x300.jpg 225w, https:\/\/agora.xtec.cat\/iesvilatzara\/wp-content\/uploads\/usu356\/2026\/04\/fem-mates-1152x1536.jpg 1152w, https:\/\/agora.xtec.cat\/iesvilatzara\/wp-content\/uploads\/usu356\/2026\/04\/fem-mates.jpg 1200w\" sizes=\"auto, (max-width: 768px) 100vw, 768px\" \/><\/p>\n","protected":false},"excerpt":{"rendered":"<p>Ahir dissabte, els alumnes de 1r d&#8217;ESO Adri\u00e0, Estel, Jana i Elsa, amb les alumnes de 2n d&#8217;ESO Maia i Luc\u00eda, acompanyats de la professora de matem\u00e0tiques Sheila Ardoy, han participat al concurs &#8220;<a href=\"https:\/\/fm.feemcat.org\/\">Fem matem\u00e0tiques<\/a>&#8220;, a l&#8217;escola Tecnos de Terrassa.<br \/>\nPrimer, al mat\u00ed, van fer&hellip;  <a href=\"https:\/\/agora.xtec.cat\/iesvilatzara\/noticies-portada\/1r-i-2n-deso-ens-representen-al-concurs-fem-mates\/\" title=\"Read 1r i 2n d&#8217;ESO ens representen al concurs &#8220;Fem mates&#8221;\">Llegeix m\u00e9s\u00bb<\/a><\/p>\n","protected":false},"author":125,"featured_media":30100,"comment_status":"open","ping_status":"open","sticky":false,"template":"","format":"standard","meta":{"_bbp_topic_count":0,"_bbp_reply_count":0,"_bbp_total_topic_count":0,"_bbp_total_reply_count":0,"_bbp_voice_count":0,"_bbp_anonymous_reply_count":0,"_bbp_topic_count_hidden":0,"_bbp_reply_count_hidden":0,"_bbp_forum_subforum_count":0,"footnotes":""},"categories":[65,66,1,62],"tags":[],"class_list":["post-30098","post","type-post","status-publish","format-standard","has-post-thumbnail","hentry","category-eso-1","category-eso-2","category-noticies-portada","category-premis-i-concursos"],"post_mailing_queue_ids":[],"_links":{"self":[{"href":"https:\/\/agora.xtec.cat\/iesvilatzara\/wp-json\/wp\/v2\/posts\/30098","targetHints":{"allow":["GET"]}}],"collection":[{"href":"https:\/\/agora.xtec.cat\/iesvilatzara\/wp-json\/wp\/v2\/posts"}],"about":[{"href":"https:\/\/agora.xtec.cat\/iesvilatzara\/wp-json\/wp\/v2\/types\/post"}],"author":[{"embeddable":true,"href":"https:\/\/agora.xtec.cat\/iesvilatzara\/wp-json\/wp\/v2\/users\/125"}],"replies":[{"embeddable":true,"href":"https:\/\/agora.xtec.cat\/iesvilatzara\/wp-json\/wp\/v2\/comments?post=30098"}],"version-history":[{"count":1,"href":"https:\/\/agora.xtec.cat\/iesvilatzara\/wp-json\/wp\/v2\/posts\/30098\/revisions"}],"predecessor-version":[{"id":30102,"href":"https:\/\/agora.xtec.cat\/iesvilatzara\/wp-json\/wp\/v2\/posts\/30098\/revisions\/30102"}],"wp:featuredmedia":[{"embeddable":true,"href":"https:\/\/agora.xtec.cat\/iesvilatzara\/wp-json\/wp\/v2\/media\/30100"}],"wp:attachment":[{"href":"https:\/\/agora.xtec.cat\/iesvilatzara\/wp-json\/wp\/v2\/media?parent=30098"}],"wp:term":[{"taxonomy":"category","embeddable":true,"href":"https:\/\/agora.xtec.cat\/iesvilatzara\/wp-json\/wp\/v2\/categories?post=30098"},{"taxonomy":"post_tag","embeddable":true,"href":"https:\/\/agora.xtec.cat\/iesvilatzara\/wp-json\/wp\/v2\/tags?post=30098"}],"curies":[{"name":"wp","href":"https:\/\/api.w.org\/{rel}","templated":true}]}}