{"id":30046,"date":"2026-04-14T20:06:09","date_gmt":"2026-04-14T18:06:09","guid":{"rendered":"https:\/\/agora.xtec.cat\/iesvilatzara\/?p=30046"},"modified":"2026-04-14T20:06:09","modified_gmt":"2026-04-14T18:06:09","slug":"rebuda-institucional-per-a-lalumnat-de-lintercanvi-amb-alemanya","status":"publish","type":"post","link":"https:\/\/agora.xtec.cat\/iesvilatzara\/noticies-portada\/rebuda-institucional-per-a-lalumnat-de-lintercanvi-amb-alemanya\/","title":{"rendered":"Rebuda institucional per a l&#8217;alumnat de l&#8217;intercanvi amb Alemanya"},"content":{"rendered":"<p>Aquest dimarts, l&#8217;alcaldessa i la regidora d&#8217;Educaci\u00f3 han donat la benvinguda als estudiants alemanys del <strong>Goethe-Gymnasium de Bensheim<\/strong>, que aquests dies comparteixen experi\u00e8ncies amb l&#8217;alumnat del Vilatzara en el marc de l&#8217;intercanvi ling\u00fc\u00edstic entre els dos centres.<\/p>\n<p>Avui han anat al centre, han conegut els espais i han fet parada obligada a la cantina. Anteriorment, tamb\u00e9 van tenir temps d&#8217;agafar el tren i anar fins a l&#8217;Arc del Triomf, des d&#8217;on van comen\u00e7ar una ruta per Barcelona que els va permetre con\u00e8ixer el Palau de la M\u00fasica, la Catedral&#8230; Els alumnes van fer de reporters, explicant cada lloc d&#8217;inter\u00e8s de la ciutat. Van fer una gimcana fotogr\u00e0fica pel barri G\u00f2tic i van passar pel mercat de la Boqueria i Les Rambles.<\/p>\n<p>Benvinguts tots i totes!!<\/p>\n<p><img loading=\"lazy\" decoding=\"async\" class=\"aligncenter size-large wp-image-30047\" src=\"https:\/\/agora.xtec.cat\/iesvilatzara\/wp-content\/uploads\/usu356\/2026\/04\/intercanvi-vilatzara-768x1024.jpg\" alt=\"\" width=\"768\" height=\"1024\" srcset=\"https:\/\/agora.xtec.cat\/iesvilatzara\/wp-content\/uploads\/usu356\/2026\/04\/intercanvi-vilatzara-768x1024.jpg 768w, https:\/\/agora.xtec.cat\/iesvilatzara\/wp-content\/uploads\/usu356\/2026\/04\/intercanvi-vilatzara-225x300.jpg 225w, https:\/\/agora.xtec.cat\/iesvilatzara\/wp-content\/uploads\/usu356\/2026\/04\/intercanvi-vilatzara-1152x1536.jpg 1152w, https:\/\/agora.xtec.cat\/iesvilatzara\/wp-content\/uploads\/usu356\/2026\/04\/intercanvi-vilatzara.jpg 1200w\" sizes=\"auto, (max-width: 768px) 100vw, 768px\" \/> <img loading=\"lazy\" decoding=\"async\" class=\"aligncenter size-large wp-image-30048\" src=\"https:\/\/agora.xtec.cat\/iesvilatzara\/wp-content\/uploads\/usu356\/2026\/04\/intercanvi-alemanya-vilatzara-1024x768.jpg\" alt=\"\" width=\"1024\" height=\"768\" srcset=\"https:\/\/agora.xtec.cat\/iesvilatzara\/wp-content\/uploads\/usu356\/2026\/04\/intercanvi-alemanya-vilatzara-1024x768.jpg 1024w, https:\/\/agora.xtec.cat\/iesvilatzara\/wp-content\/uploads\/usu356\/2026\/04\/intercanvi-alemanya-vilatzara-300x225.jpg 300w, https:\/\/agora.xtec.cat\/iesvilatzara\/wp-content\/uploads\/usu356\/2026\/04\/intercanvi-alemanya-vilatzara-768x576.jpg 768w, https:\/\/agora.xtec.cat\/iesvilatzara\/wp-content\/uploads\/usu356\/2026\/04\/intercanvi-alemanya-vilatzara-1536x1152.jpg 1536w, https:\/\/agora.xtec.cat\/iesvilatzara\/wp-content\/uploads\/usu356\/2026\/04\/intercanvi-alemanya-vilatzara-200x150.jpg 200w, https:\/\/agora.xtec.cat\/iesvilatzara\/wp-content\/uploads\/usu356\/2026\/04\/intercanvi-alemanya-vilatzara.jpg 1600w\" sizes=\"auto, (max-width: 1024px) 100vw, 1024px\" \/><\/p>\n<p>&nbsp;<\/p>\n","protected":false},"excerpt":{"rendered":"<p>Aquest dimarts, l&#8217;alcaldessa i la regidora d&#8217;Educaci\u00f3 han donat la benvinguda als estudiants alemanys del Goethe-Gymnasium de Bensheim, que aquests dies comparteixen experi\u00e8ncies amb l&#8217;alumnat del Vilatzara en el marc de l&#8217;intercanvi ling\u00fc\u00edstic entre els dos centres.<br \/>\nAvui han anat al centre, han conegut els espais&hellip;  <a href=\"https:\/\/agora.xtec.cat\/iesvilatzara\/noticies-portada\/rebuda-institucional-per-a-lalumnat-de-lintercanvi-amb-alemanya\/\" title=\"Read Rebuda institucional per a l&#8217;alumnat de l&#8217;intercanvi amb Alemanya\">Llegeix m\u00e9s\u00bb<\/a><\/p>\n","protected":false},"author":125,"featured_media":30049,"comment_status":"open","ping_status":"open","sticky":false,"template":"","format":"standard","meta":{"_bbp_topic_count":0,"_bbp_reply_count":0,"_bbp_total_topic_count":0,"_bbp_total_reply_count":0,"_bbp_voice_count":0,"_bbp_anonymous_reply_count":0,"_bbp_topic_count_hidden":0,"_bbp_reply_count_hidden":0,"_bbp_forum_subforum_count":0,"footnotes":""},"categories":[67,102,1],"tags":[166],"class_list":["post-30046","post","type-post","status-publish","format-standard","has-post-thumbnail","hentry","category-eso-3","category-intercanvis","category-noticies-portada","tag-intercanvi"],"post_mailing_queue_ids":[],"_links":{"self":[{"href":"https:\/\/agora.xtec.cat\/iesvilatzara\/wp-json\/wp\/v2\/posts\/30046","targetHints":{"allow":["GET"]}}],"collection":[{"href":"https:\/\/agora.xtec.cat\/iesvilatzara\/wp-json\/wp\/v2\/posts"}],"about":[{"href":"https:\/\/agora.xtec.cat\/iesvilatzara\/wp-json\/wp\/v2\/types\/post"}],"author":[{"embeddable":true,"href":"https:\/\/agora.xtec.cat\/iesvilatzara\/wp-json\/wp\/v2\/users\/125"}],"replies":[{"embeddable":true,"href":"https:\/\/agora.xtec.cat\/iesvilatzara\/wp-json\/wp\/v2\/comments?post=30046"}],"version-history":[{"count":1,"href":"https:\/\/agora.xtec.cat\/iesvilatzara\/wp-json\/wp\/v2\/posts\/30046\/revisions"}],"predecessor-version":[{"id":30050,"href":"https:\/\/agora.xtec.cat\/iesvilatzara\/wp-json\/wp\/v2\/posts\/30046\/revisions\/30050"}],"wp:featuredmedia":[{"embeddable":true,"href":"https:\/\/agora.xtec.cat\/iesvilatzara\/wp-json\/wp\/v2\/media\/30049"}],"wp:attachment":[{"href":"https:\/\/agora.xtec.cat\/iesvilatzara\/wp-json\/wp\/v2\/media?parent=30046"}],"wp:term":[{"taxonomy":"category","embeddable":true,"href":"https:\/\/agora.xtec.cat\/iesvilatzara\/wp-json\/wp\/v2\/categories?post=30046"},{"taxonomy":"post_tag","embeddable":true,"href":"https:\/\/agora.xtec.cat\/iesvilatzara\/wp-json\/wp\/v2\/tags?post=30046"}],"curies":[{"name":"wp","href":"https:\/\/api.w.org\/{rel}","templated":true}]}}