{"id":30041,"date":"2026-04-14T19:36:16","date_gmt":"2026-04-14T17:36:16","guid":{"rendered":"https:\/\/agora.xtec.cat\/iesvilatzara\/?p=30041"},"modified":"2026-04-14T19:36:16","modified_gmt":"2026-04-14T17:36:16","slug":"un-musical-ens-explica-la-historia-dun-noi-victima-dassetjament-i-transfobia","status":"publish","type":"post","link":"https:\/\/agora.xtec.cat\/iesvilatzara\/noticies-portada\/un-musical-ens-explica-la-historia-dun-noi-victima-dassetjament-i-transfobia\/","title":{"rendered":"Un musical ens explica la hist\u00f2ria d&#8217;un noi v\u00edctima d&#8217;assetjament i transf\u00f2bia"},"content":{"rendered":"<p>L&#8217;alumnat de 4t d&#8217;ESO ha anat a veure el musical <a href=\"https:\/\/www.teatrepoliorama.com\/ca\/programacio\/c\/888-alan.html\">ALAN<\/a>. \u00c9s un musical basat en la hist\u00f2ria real de l&#8217;Alan Montoliu, un noi de 17 anys que va patir assetjament escolar i transf\u00f2bia.<\/p>\n<p>A trav\u00e9s de la m\u00fasica en directe i moments d\u2019humor i d&#8217;emoci\u00f3, l&#8217;alumnat ha pogut apropar-se al seu dia a dia: el que diu, el que calla\u2026 i tot el que ning\u00fa hi veu.<\/p>\n<p>Ha estat un espectacle molt emotiu!<\/p>\n<p><img loading=\"lazy\" decoding=\"async\" class=\"aligncenter size-large wp-image-30042\" src=\"https:\/\/agora.xtec.cat\/iesvilatzara\/wp-content\/uploads\/usu356\/2026\/04\/musical-alan-768x1024.jpg\" alt=\"\" width=\"768\" height=\"1024\" srcset=\"https:\/\/agora.xtec.cat\/iesvilatzara\/wp-content\/uploads\/usu356\/2026\/04\/musical-alan-768x1024.jpg 768w, https:\/\/agora.xtec.cat\/iesvilatzara\/wp-content\/uploads\/usu356\/2026\/04\/musical-alan-225x300.jpg 225w, https:\/\/agora.xtec.cat\/iesvilatzara\/wp-content\/uploads\/usu356\/2026\/04\/musical-alan-1152x1536.jpg 1152w, https:\/\/agora.xtec.cat\/iesvilatzara\/wp-content\/uploads\/usu356\/2026\/04\/musical-alan.jpg 1200w\" sizes=\"auto, (max-width: 768px) 100vw, 768px\" \/> <img loading=\"lazy\" decoding=\"async\" class=\"aligncenter size-large wp-image-30043\" src=\"https:\/\/agora.xtec.cat\/iesvilatzara\/wp-content\/uploads\/usu356\/2026\/04\/musical-alan-poliorama-768x1024.jpg\" alt=\"\" width=\"768\" height=\"1024\" srcset=\"https:\/\/agora.xtec.cat\/iesvilatzara\/wp-content\/uploads\/usu356\/2026\/04\/musical-alan-poliorama-768x1024.jpg 768w, https:\/\/agora.xtec.cat\/iesvilatzara\/wp-content\/uploads\/usu356\/2026\/04\/musical-alan-poliorama-225x300.jpg 225w, https:\/\/agora.xtec.cat\/iesvilatzara\/wp-content\/uploads\/usu356\/2026\/04\/musical-alan-poliorama-1152x1536.jpg 1152w, https:\/\/agora.xtec.cat\/iesvilatzara\/wp-content\/uploads\/usu356\/2026\/04\/musical-alan-poliorama.jpg 1200w\" sizes=\"auto, (max-width: 768px) 100vw, 768px\" \/> <img loading=\"lazy\" decoding=\"async\" class=\"aligncenter size-large wp-image-30044\" src=\"https:\/\/agora.xtec.cat\/iesvilatzara\/wp-content\/uploads\/usu356\/2026\/04\/musical-alan-poliorama-4t-eso-768x1024.jpg\" alt=\"\" width=\"768\" height=\"1024\" srcset=\"https:\/\/agora.xtec.cat\/iesvilatzara\/wp-content\/uploads\/usu356\/2026\/04\/musical-alan-poliorama-4t-eso-768x1024.jpg 768w, https:\/\/agora.xtec.cat\/iesvilatzara\/wp-content\/uploads\/usu356\/2026\/04\/musical-alan-poliorama-4t-eso-225x300.jpg 225w, https:\/\/agora.xtec.cat\/iesvilatzara\/wp-content\/uploads\/usu356\/2026\/04\/musical-alan-poliorama-4t-eso-1152x1536.jpg 1152w, https:\/\/agora.xtec.cat\/iesvilatzara\/wp-content\/uploads\/usu356\/2026\/04\/musical-alan-poliorama-4t-eso.jpg 1200w\" sizes=\"auto, (max-width: 768px) 100vw, 768px\" \/><\/p>\n","protected":false},"excerpt":{"rendered":"<p>L&#8217;alumnat de 4t d&#8217;ESO ha anat a veure el musical <a href=\"https:\/\/www.teatrepoliorama.com\/ca\/programacio\/c\/888-alan.html\">ALAN<\/a>. \u00c9s un musical basat en la hist\u00f2ria real de l&#8217;Alan Montoliu, un noi de 17 anys que va patir assetjament escolar i transf\u00f2bia.<br \/>\nA trav\u00e9s de la m\u00fasica en directe i moments d\u2019humor i&hellip;  <a href=\"https:\/\/agora.xtec.cat\/iesvilatzara\/noticies-portada\/un-musical-ens-explica-la-historia-dun-noi-victima-dassetjament-i-transfobia\/\" title=\"Read Un musical ens explica la hist\u00f2ria d&#8217;un noi v\u00edctima d&#8217;assetjament i transf\u00f2bia\">Llegeix m\u00e9s\u00bb<\/a><\/p>\n","protected":false},"author":125,"featured_media":30042,"comment_status":"open","ping_status":"open","sticky":false,"template":"","format":"standard","meta":{"_bbp_topic_count":0,"_bbp_reply_count":0,"_bbp_total_topic_count":0,"_bbp_total_reply_count":0,"_bbp_voice_count":0,"_bbp_anonymous_reply_count":0,"_bbp_topic_count_hidden":0,"_bbp_reply_count_hidden":0,"_bbp_forum_subforum_count":0,"footnotes":""},"categories":[68,1],"tags":[159,143,176],"class_list":["post-30041","post","type-post","status-publish","format-standard","has-post-thumbnail","hentry","category-eso-4","category-noticies-portada","tag-musica","tag-sortides","tag-teatre"],"post_mailing_queue_ids":[],"_links":{"self":[{"href":"https:\/\/agora.xtec.cat\/iesvilatzara\/wp-json\/wp\/v2\/posts\/30041","targetHints":{"allow":["GET"]}}],"collection":[{"href":"https:\/\/agora.xtec.cat\/iesvilatzara\/wp-json\/wp\/v2\/posts"}],"about":[{"href":"https:\/\/agora.xtec.cat\/iesvilatzara\/wp-json\/wp\/v2\/types\/post"}],"author":[{"embeddable":true,"href":"https:\/\/agora.xtec.cat\/iesvilatzara\/wp-json\/wp\/v2\/users\/125"}],"replies":[{"embeddable":true,"href":"https:\/\/agora.xtec.cat\/iesvilatzara\/wp-json\/wp\/v2\/comments?post=30041"}],"version-history":[{"count":1,"href":"https:\/\/agora.xtec.cat\/iesvilatzara\/wp-json\/wp\/v2\/posts\/30041\/revisions"}],"predecessor-version":[{"id":30045,"href":"https:\/\/agora.xtec.cat\/iesvilatzara\/wp-json\/wp\/v2\/posts\/30041\/revisions\/30045"}],"wp:featuredmedia":[{"embeddable":true,"href":"https:\/\/agora.xtec.cat\/iesvilatzara\/wp-json\/wp\/v2\/media\/30042"}],"wp:attachment":[{"href":"https:\/\/agora.xtec.cat\/iesvilatzara\/wp-json\/wp\/v2\/media?parent=30041"}],"wp:term":[{"taxonomy":"category","embeddable":true,"href":"https:\/\/agora.xtec.cat\/iesvilatzara\/wp-json\/wp\/v2\/categories?post=30041"},{"taxonomy":"post_tag","embeddable":true,"href":"https:\/\/agora.xtec.cat\/iesvilatzara\/wp-json\/wp\/v2\/tags?post=30041"}],"curies":[{"name":"wp","href":"https:\/\/api.w.org\/{rel}","templated":true}]}}