{"id":30013,"date":"2026-04-10T21:15:20","date_gmt":"2026-04-10T19:15:20","guid":{"rendered":"https:\/\/agora.xtec.cat\/iesvilatzara\/?p=30013"},"modified":"2026-04-10T21:15:20","modified_gmt":"2026-04-10T19:15:20","slug":"4t-deso-sapropa-als-classics-de-la-literatura-castellana-amb-emiliano-valdeolivas","status":"publish","type":"post","link":"https:\/\/agora.xtec.cat\/iesvilatzara\/noticies-portada\/4t-deso-sapropa-als-classics-de-la-literatura-castellana-amb-emiliano-valdeolivas\/","title":{"rendered":"4t d&#8217;ESO s&#8217;apropa als cl\u00e0ssics de la literatura castellana amb Emiliano Valdeolivas"},"content":{"rendered":"<p>Avui divendres l\u2019alumnat ha anat a la sala Carrau de Vilassar de Mar per escoltar un cantautor que els ofereix un <strong>recull po\u00e8tic cantat de la literatura espanyola.\u00a0<\/strong><\/p>\n<p><a href=\"https:\/\/www.emilianovaldeolivas.com\/\"><strong>Emiliano Valdeolivas<\/strong><\/a> \u00e9s un m\u00fasic que versiona cl\u00e0ssics de la literatura com ara Fray Luis de Le\u00f3n o Quevedo fins a autors m\u00e9s contemporanis com Gloria Fuertes o Jaime Gil de Biedma. Els alumnes han pogut participar activament amb la intervenci\u00f3 de l&#8217;artista.<\/p>\n<p>Gestiona l\u2019activitat el departament de llengua castellana.<\/p>\n<p><img loading=\"lazy\" decoding=\"async\" class=\"aligncenter size-large wp-image-30016\" src=\"https:\/\/agora.xtec.cat\/iesvilatzara\/wp-content\/uploads\/usu356\/2026\/04\/emiliano-valdeolivas-1024x576.jpg\" alt=\"\" width=\"1024\" height=\"576\" srcset=\"https:\/\/agora.xtec.cat\/iesvilatzara\/wp-content\/uploads\/usu356\/2026\/04\/emiliano-valdeolivas-1024x576.jpg 1024w, https:\/\/agora.xtec.cat\/iesvilatzara\/wp-content\/uploads\/usu356\/2026\/04\/emiliano-valdeolivas-300x169.jpg 300w, https:\/\/agora.xtec.cat\/iesvilatzara\/wp-content\/uploads\/usu356\/2026\/04\/emiliano-valdeolivas-768x432.jpg 768w, https:\/\/agora.xtec.cat\/iesvilatzara\/wp-content\/uploads\/usu356\/2026\/04\/emiliano-valdeolivas-1536x864.jpg 1536w, https:\/\/agora.xtec.cat\/iesvilatzara\/wp-content\/uploads\/usu356\/2026\/04\/emiliano-valdeolivas.jpg 1920w\" sizes=\"auto, (max-width: 1024px) 100vw, 1024px\" \/><img loading=\"lazy\" decoding=\"async\" class=\"aligncenter size-large wp-image-30019\" src=\"https:\/\/agora.xtec.cat\/iesvilatzara\/wp-content\/uploads\/usu356\/2026\/04\/emiliano-valdeolivas-recital-recull-poetic-1024x768.jpg\" alt=\"\" width=\"1024\" height=\"768\" srcset=\"https:\/\/agora.xtec.cat\/iesvilatzara\/wp-content\/uploads\/usu356\/2026\/04\/emiliano-valdeolivas-recital-recull-poetic-1024x768.jpg 1024w, https:\/\/agora.xtec.cat\/iesvilatzara\/wp-content\/uploads\/usu356\/2026\/04\/emiliano-valdeolivas-recital-recull-poetic-300x225.jpg 300w, https:\/\/agora.xtec.cat\/iesvilatzara\/wp-content\/uploads\/usu356\/2026\/04\/emiliano-valdeolivas-recital-recull-poetic-768x576.jpg 768w, https:\/\/agora.xtec.cat\/iesvilatzara\/wp-content\/uploads\/usu356\/2026\/04\/emiliano-valdeolivas-recital-recull-poetic-1536x1152.jpg 1536w, https:\/\/agora.xtec.cat\/iesvilatzara\/wp-content\/uploads\/usu356\/2026\/04\/emiliano-valdeolivas-recital-recull-poetic-200x150.jpg 200w, https:\/\/agora.xtec.cat\/iesvilatzara\/wp-content\/uploads\/usu356\/2026\/04\/emiliano-valdeolivas-recital-recull-poetic.jpg 1600w\" sizes=\"auto, (max-width: 1024px) 100vw, 1024px\" \/><\/p>\n","protected":false},"excerpt":{"rendered":"<p>Avui divendres l\u2019alumnat ha anat a la sala Carrau de Vilassar de Mar per escoltar un cantautor que els ofereix un recull po\u00e8tic cantat de la literatura espanyola.\u00a0<br \/>\n<a href=\"https:\/\/www.emilianovaldeolivas.com\/\">Emiliano Valdeolivas<\/a> \u00e9s un m\u00fasic que versiona cl\u00e0ssics de la literatura com ara Fray Luis de Le\u00f3n&hellip;  <a href=\"https:\/\/agora.xtec.cat\/iesvilatzara\/noticies-portada\/4t-deso-sapropa-als-classics-de-la-literatura-castellana-amb-emiliano-valdeolivas\/\" title=\"Read 4t d&#8217;ESO s&#8217;apropa als cl\u00e0ssics de la literatura castellana amb Emiliano Valdeolivas\">Llegeix m\u00e9s\u00bb<\/a><\/p>\n","protected":false},"author":125,"featured_media":30017,"comment_status":"open","ping_status":"open","sticky":false,"template":"","format":"standard","meta":{"_bbp_topic_count":0,"_bbp_reply_count":0,"_bbp_total_topic_count":0,"_bbp_total_reply_count":0,"_bbp_voice_count":0,"_bbp_anonymous_reply_count":0,"_bbp_topic_count_hidden":0,"_bbp_reply_count_hidden":0,"_bbp_forum_subforum_count":0,"footnotes":""},"categories":[68,1],"tags":[161,167,174],"class_list":["post-30013","post","type-post","status-publish","format-standard","has-post-thumbnail","hentry","category-eso-4","category-noticies-portada","tag-llengua-castellana","tag-llengues","tag-poesia"],"post_mailing_queue_ids":[],"_links":{"self":[{"href":"https:\/\/agora.xtec.cat\/iesvilatzara\/wp-json\/wp\/v2\/posts\/30013","targetHints":{"allow":["GET"]}}],"collection":[{"href":"https:\/\/agora.xtec.cat\/iesvilatzara\/wp-json\/wp\/v2\/posts"}],"about":[{"href":"https:\/\/agora.xtec.cat\/iesvilatzara\/wp-json\/wp\/v2\/types\/post"}],"author":[{"embeddable":true,"href":"https:\/\/agora.xtec.cat\/iesvilatzara\/wp-json\/wp\/v2\/users\/125"}],"replies":[{"embeddable":true,"href":"https:\/\/agora.xtec.cat\/iesvilatzara\/wp-json\/wp\/v2\/comments?post=30013"}],"version-history":[{"count":2,"href":"https:\/\/agora.xtec.cat\/iesvilatzara\/wp-json\/wp\/v2\/posts\/30013\/revisions"}],"predecessor-version":[{"id":30020,"href":"https:\/\/agora.xtec.cat\/iesvilatzara\/wp-json\/wp\/v2\/posts\/30013\/revisions\/30020"}],"wp:featuredmedia":[{"embeddable":true,"href":"https:\/\/agora.xtec.cat\/iesvilatzara\/wp-json\/wp\/v2\/media\/30017"}],"wp:attachment":[{"href":"https:\/\/agora.xtec.cat\/iesvilatzara\/wp-json\/wp\/v2\/media?parent=30013"}],"wp:term":[{"taxonomy":"category","embeddable":true,"href":"https:\/\/agora.xtec.cat\/iesvilatzara\/wp-json\/wp\/v2\/categories?post=30013"},{"taxonomy":"post_tag","embeddable":true,"href":"https:\/\/agora.xtec.cat\/iesvilatzara\/wp-json\/wp\/v2\/tags?post=30013"}],"curies":[{"name":"wp","href":"https:\/\/api.w.org\/{rel}","templated":true}]}}