{"id":29964,"date":"2026-03-24T16:02:03","date_gmt":"2026-03-24T15:02:03","guid":{"rendered":"https:\/\/agora.xtec.cat\/iesvilatzara\/?p=29964"},"modified":"2026-03-27T15:01:59","modified_gmt":"2026-03-27T14:01:59","slug":"lalumnat-examina-les-seves-capacitats-matematiques-amb-les-proves-cangur","status":"publish","type":"post","link":"https:\/\/agora.xtec.cat\/iesvilatzara\/noticies-portada\/lalumnat-examina-les-seves-capacitats-matematiques-amb-les-proves-cangur\/","title":{"rendered":"L&#8217;alumnat examina les seves capacitats matem\u00e0tiques amb les proves Cangur"},"content":{"rendered":"<p>Avui dimarts s&#8217;han portat a terme a la sala d\u2019actes les proves Cangur. Es tracta d&#8217;una activitat matem\u00e0tica anual, amb el format de concurs individual, promoguda per l\u2019associaci\u00f3 internacional\u00a0<a href=\"https:\/\/www.aksf.org\/\" target=\"_blank\" rel=\"noopener\"><strong>Le Kangourou sans Fronti\u00e8res<\/strong><\/a>, que es marca com a objectiu la promoci\u00f3 de les matem\u00e0tiques entre la gent jove i la mainada, mitjan\u00e7ant una participaci\u00f3 massiva en una activitat cient\u00edfica, sense intentar fer cap selecci\u00f3 ni comparaci\u00f3 entre centres ni entre zones geogr\u00e0fiques.<\/p>\n<p>El Vilatzara hi participa any rere any. Les <a href=\"https:\/\/scm.iec.cat\/concurs-presencial\/cangur\/\">proves Cangur<\/a> es basen en reptes, amb raonament i enginy, mitjan\u00e7ant el treball personal, sense ajuts ni recursos electr\u00f2nics. Cada any se celebra un acte solemne de lliurament de premis, al qual es conviden els 15 millors concursants de cada nivell, acompanyats de familiars i algun representant del centre. Que tinguem sort!!<\/p>\n<p><img loading=\"lazy\" decoding=\"async\" class=\"aligncenter size-large wp-image-29966\" src=\"https:\/\/agora.xtec.cat\/iesvilatzara\/wp-content\/uploads\/usu356\/2026\/03\/proves-cangur-mates-1024x461.jpg\" alt=\"\" width=\"1024\" height=\"461\" srcset=\"https:\/\/agora.xtec.cat\/iesvilatzara\/wp-content\/uploads\/usu356\/2026\/03\/proves-cangur-mates-1024x461.jpg 1024w, https:\/\/agora.xtec.cat\/iesvilatzara\/wp-content\/uploads\/usu356\/2026\/03\/proves-cangur-mates-300x135.jpg 300w, https:\/\/agora.xtec.cat\/iesvilatzara\/wp-content\/uploads\/usu356\/2026\/03\/proves-cangur-mates-768x346.jpg 768w, https:\/\/agora.xtec.cat\/iesvilatzara\/wp-content\/uploads\/usu356\/2026\/03\/proves-cangur-mates-1536x691.jpg 1536w, https:\/\/agora.xtec.cat\/iesvilatzara\/wp-content\/uploads\/usu356\/2026\/03\/proves-cangur-mates.jpg 1600w\" sizes=\"auto, (max-width: 1024px) 100vw, 1024px\" \/> <img loading=\"lazy\" decoding=\"async\" class=\"aligncenter size-large wp-image-29967\" src=\"https:\/\/agora.xtec.cat\/iesvilatzara\/wp-content\/uploads\/usu356\/2026\/03\/proves-cangur-matematiques-1024x461.jpg\" alt=\"\" width=\"1024\" height=\"461\" srcset=\"https:\/\/agora.xtec.cat\/iesvilatzara\/wp-content\/uploads\/usu356\/2026\/03\/proves-cangur-matematiques-1024x461.jpg 1024w, https:\/\/agora.xtec.cat\/iesvilatzara\/wp-content\/uploads\/usu356\/2026\/03\/proves-cangur-matematiques-300x135.jpg 300w, https:\/\/agora.xtec.cat\/iesvilatzara\/wp-content\/uploads\/usu356\/2026\/03\/proves-cangur-matematiques-768x346.jpg 768w, https:\/\/agora.xtec.cat\/iesvilatzara\/wp-content\/uploads\/usu356\/2026\/03\/proves-cangur-matematiques-1536x691.jpg 1536w, https:\/\/agora.xtec.cat\/iesvilatzara\/wp-content\/uploads\/usu356\/2026\/03\/proves-cangur-matematiques.jpg 1600w\" sizes=\"auto, (max-width: 1024px) 100vw, 1024px\" \/><\/p>\n<p>&nbsp;<\/p>\n","protected":false},"excerpt":{"rendered":"<p>Avui dimarts s&#8217;han portat a terme a la sala d\u2019actes les proves Cangur. Es tracta d&#8217;una activitat matem\u00e0tica anual, amb el format de concurs individual, promoguda per l\u2019associaci\u00f3 internacional\u00a0<a href=\"https:\/\/www.aksf.org\/\" target=\"_blank\" rel=\"noopener\">Le Kangourou sans Fronti\u00e8res<\/a>, que es marca com a objectiu la promoci\u00f3 de les&hellip;  <a href=\"https:\/\/agora.xtec.cat\/iesvilatzara\/noticies-portada\/lalumnat-examina-les-seves-capacitats-matematiques-amb-les-proves-cangur\/\" title=\"Read L&#8217;alumnat examina les seves capacitats matem\u00e0tiques amb les proves Cangur\">Llegeix m\u00e9s\u00bb<\/a><\/p>\n","protected":false},"author":125,"featured_media":29965,"comment_status":"open","ping_status":"open","sticky":false,"template":"","format":"standard","meta":{"_bbp_topic_count":0,"_bbp_reply_count":0,"_bbp_total_topic_count":0,"_bbp_total_reply_count":0,"_bbp_voice_count":0,"_bbp_anonymous_reply_count":0,"_bbp_topic_count_hidden":0,"_bbp_reply_count_hidden":0,"_bbp_forum_subforum_count":0,"footnotes":""},"categories":[60,65,61,66,67,68,1,62],"tags":[121,162],"class_list":["post-29964","post","type-post","status-publish","format-standard","has-post-thumbnail","hentry","category-1r-batxillerat","category-eso-1","category-2n-batxillerat","category-eso-2","category-eso-3","category-eso-4","category-noticies-portada","category-premis-i-concursos","tag-butlleti","tag-proves-cangur"],"post_mailing_queue_ids":[],"_links":{"self":[{"href":"https:\/\/agora.xtec.cat\/iesvilatzara\/wp-json\/wp\/v2\/posts\/29964","targetHints":{"allow":["GET"]}}],"collection":[{"href":"https:\/\/agora.xtec.cat\/iesvilatzara\/wp-json\/wp\/v2\/posts"}],"about":[{"href":"https:\/\/agora.xtec.cat\/iesvilatzara\/wp-json\/wp\/v2\/types\/post"}],"author":[{"embeddable":true,"href":"https:\/\/agora.xtec.cat\/iesvilatzara\/wp-json\/wp\/v2\/users\/125"}],"replies":[{"embeddable":true,"href":"https:\/\/agora.xtec.cat\/iesvilatzara\/wp-json\/wp\/v2\/comments?post=29964"}],"version-history":[{"count":1,"href":"https:\/\/agora.xtec.cat\/iesvilatzara\/wp-json\/wp\/v2\/posts\/29964\/revisions"}],"predecessor-version":[{"id":29968,"href":"https:\/\/agora.xtec.cat\/iesvilatzara\/wp-json\/wp\/v2\/posts\/29964\/revisions\/29968"}],"wp:featuredmedia":[{"embeddable":true,"href":"https:\/\/agora.xtec.cat\/iesvilatzara\/wp-json\/wp\/v2\/media\/29965"}],"wp:attachment":[{"href":"https:\/\/agora.xtec.cat\/iesvilatzara\/wp-json\/wp\/v2\/media?parent=29964"}],"wp:term":[{"taxonomy":"category","embeddable":true,"href":"https:\/\/agora.xtec.cat\/iesvilatzara\/wp-json\/wp\/v2\/categories?post=29964"},{"taxonomy":"post_tag","embeddable":true,"href":"https:\/\/agora.xtec.cat\/iesvilatzara\/wp-json\/wp\/v2\/tags?post=29964"}],"curies":[{"name":"wp","href":"https:\/\/api.w.org\/{rel}","templated":true}]}}