{"id":29930,"date":"2026-03-18T11:04:15","date_gmt":"2026-03-18T10:04:15","guid":{"rendered":"https:\/\/agora.xtec.cat\/iesvilatzara\/?p=29930"},"modified":"2026-03-19T16:17:41","modified_gmt":"2026-03-19T15:17:41","slug":"experiencia-tecnologica-al-vaixell-burriac-amb-alumnes-de-3r","status":"publish","type":"post","link":"https:\/\/agora.xtec.cat\/iesvilatzara\/noticies-portada\/experiencia-tecnologica-al-vaixell-burriac-amb-alumnes-de-3r\/","title":{"rendered":"Experi\u00e8ncia tecnol\u00f2gica al Vaixell Burriac amb alumnes de 3r"},"content":{"rendered":"<p>Els alumnes de 3r d&#8217;ESO han visitat el <a href=\"https:\/\/agora.xtec.cat\/ceip-vaixell-burriac-vilassar\/\">Vaixell Burriac<\/a> per compartir una experi\u00e8ncia tecnol\u00f2gica molt especial. Des de l&#8217;aula d&#8217;angl\u00e8s, han creat uns cubs en 3D centrats en el nostre entorn: el mar.<\/p>\n<p>Escanejant uns QR amb les tauletes han explorat diferents imatges de peixos fins a la realitat de la contaminaci\u00f3 marina.<\/p>\n<p>A la segona part, han fet servir l&#8217;app Quiver Aquarium, on han donat vida als seus dissenys&#8230; i han aparegut nedant a la pantalla!<\/p>\n<p>Posteriorment, volem portar aquest projecte a escoles amb infants amb diversitat funcional per tal que tamb\u00e9 ho puguin experimentar.<\/p>\n<p><img loading=\"lazy\" decoding=\"async\" class=\"aligncenter size-large wp-image-29932\" src=\"https:\/\/agora.xtec.cat\/iesvilatzara\/wp-content\/uploads\/usu356\/2026\/03\/experiencia-3D-vaixell-burriac-768x1024.jpg\" alt=\"\" width=\"768\" height=\"1024\" srcset=\"https:\/\/agora.xtec.cat\/iesvilatzara\/wp-content\/uploads\/usu356\/2026\/03\/experiencia-3D-vaixell-burriac-768x1024.jpg 768w, https:\/\/agora.xtec.cat\/iesvilatzara\/wp-content\/uploads\/usu356\/2026\/03\/experiencia-3D-vaixell-burriac-225x300.jpg 225w, https:\/\/agora.xtec.cat\/iesvilatzara\/wp-content\/uploads\/usu356\/2026\/03\/experiencia-3D-vaixell-burriac-1152x1536.jpg 1152w, https:\/\/agora.xtec.cat\/iesvilatzara\/wp-content\/uploads\/usu356\/2026\/03\/experiencia-3D-vaixell-burriac.jpg 1500w\" sizes=\"auto, (max-width: 768px) 100vw, 768px\" \/> <img loading=\"lazy\" decoding=\"async\" class=\"aligncenter size-large wp-image-29934\" src=\"https:\/\/agora.xtec.cat\/iesvilatzara\/wp-content\/uploads\/usu356\/2026\/03\/visita-vaixell-burriac-768x1024.jpg\" alt=\"\" width=\"768\" height=\"1024\" srcset=\"https:\/\/agora.xtec.cat\/iesvilatzara\/wp-content\/uploads\/usu356\/2026\/03\/visita-vaixell-burriac-768x1024.jpg 768w, https:\/\/agora.xtec.cat\/iesvilatzara\/wp-content\/uploads\/usu356\/2026\/03\/visita-vaixell-burriac-225x300.jpg 225w, https:\/\/agora.xtec.cat\/iesvilatzara\/wp-content\/uploads\/usu356\/2026\/03\/visita-vaixell-burriac-1152x1536.jpg 1152w, https:\/\/agora.xtec.cat\/iesvilatzara\/wp-content\/uploads\/usu356\/2026\/03\/visita-vaixell-burriac.jpg 1500w\" sizes=\"auto, (max-width: 768px) 100vw, 768px\" \/><\/p>\n","protected":false},"excerpt":{"rendered":"<p>Els alumnes de 3r d&#8217;ESO han visitat el <a href=\"https:\/\/agora.xtec.cat\/ceip-vaixell-burriac-vilassar\/\">Vaixell Burriac<\/a> per compartir una experi\u00e8ncia tecnol\u00f2gica molt especial. Des de l&#8217;aula d&#8217;angl\u00e8s, han creat uns cubs en 3D centrats en el nostre entorn: el mar.<br \/>\nEscanejant uns QR amb les tauletes han explorat diferents imatges de&hellip;  <a href=\"https:\/\/agora.xtec.cat\/iesvilatzara\/noticies-portada\/experiencia-tecnologica-al-vaixell-burriac-amb-alumnes-de-3r\/\" title=\"Read Experi\u00e8ncia tecnol\u00f2gica al Vaixell Burriac amb alumnes de 3r\">Llegeix m\u00e9s\u00bb<\/a><\/p>\n","protected":false},"author":125,"featured_media":29933,"comment_status":"open","ping_status":"open","sticky":false,"template":"","format":"standard","meta":{"_bbp_topic_count":0,"_bbp_reply_count":0,"_bbp_total_topic_count":0,"_bbp_total_reply_count":0,"_bbp_voice_count":0,"_bbp_anonymous_reply_count":0,"_bbp_topic_count_hidden":0,"_bbp_reply_count_hidden":0,"_bbp_forum_subforum_count":0,"footnotes":""},"categories":[1],"tags":[121],"class_list":["post-29930","post","type-post","status-publish","format-standard","has-post-thumbnail","hentry","category-noticies-portada","tag-butlleti"],"post_mailing_queue_ids":[],"_links":{"self":[{"href":"https:\/\/agora.xtec.cat\/iesvilatzara\/wp-json\/wp\/v2\/posts\/29930","targetHints":{"allow":["GET"]}}],"collection":[{"href":"https:\/\/agora.xtec.cat\/iesvilatzara\/wp-json\/wp\/v2\/posts"}],"about":[{"href":"https:\/\/agora.xtec.cat\/iesvilatzara\/wp-json\/wp\/v2\/types\/post"}],"author":[{"embeddable":true,"href":"https:\/\/agora.xtec.cat\/iesvilatzara\/wp-json\/wp\/v2\/users\/125"}],"replies":[{"embeddable":true,"href":"https:\/\/agora.xtec.cat\/iesvilatzara\/wp-json\/wp\/v2\/comments?post=29930"}],"version-history":[{"count":2,"href":"https:\/\/agora.xtec.cat\/iesvilatzara\/wp-json\/wp\/v2\/posts\/29930\/revisions"}],"predecessor-version":[{"id":29935,"href":"https:\/\/agora.xtec.cat\/iesvilatzara\/wp-json\/wp\/v2\/posts\/29930\/revisions\/29935"}],"wp:featuredmedia":[{"embeddable":true,"href":"https:\/\/agora.xtec.cat\/iesvilatzara\/wp-json\/wp\/v2\/media\/29933"}],"wp:attachment":[{"href":"https:\/\/agora.xtec.cat\/iesvilatzara\/wp-json\/wp\/v2\/media?parent=29930"}],"wp:term":[{"taxonomy":"category","embeddable":true,"href":"https:\/\/agora.xtec.cat\/iesvilatzara\/wp-json\/wp\/v2\/categories?post=29930"},{"taxonomy":"post_tag","embeddable":true,"href":"https:\/\/agora.xtec.cat\/iesvilatzara\/wp-json\/wp\/v2\/tags?post=29930"}],"curies":[{"name":"wp","href":"https:\/\/api.w.org\/{rel}","templated":true}]}}