{"id":29896,"date":"2026-03-09T19:24:53","date_gmt":"2026-03-09T18:24:53","guid":{"rendered":"https:\/\/agora.xtec.cat\/iesvilatzara\/?p=29896"},"modified":"2026-03-19T16:18:08","modified_gmt":"2026-03-19T15:18:08","slug":"participem-en-una-nova-edicio-del-barcelona-codewars","status":"publish","type":"post","link":"https:\/\/agora.xtec.cat\/iesvilatzara\/noticies-portada\/participem-en-una-nova-edicio-del-barcelona-codewars\/","title":{"rendered":"Participem en una nova edici\u00f3 del Barcelona CodeWars"},"content":{"rendered":"<p>Els nostres joves programadors han participat en el<strong> Barcelona CodeWars<\/strong>, un esdeveniment internacional de programaci\u00f3 amb l&#8217;objectiu de fomentar les vocacions <strong>STEM<\/strong> (ci\u00e8ncia, tecnologia, enginyeria i matem\u00e0tiques) entre l&#8217;alumnat de secund\u00e0ria i batxillerat. Aqu\u00ed us deixem unes imatges de la jornada!<\/p>\n<p><img loading=\"lazy\" decoding=\"async\" class=\"aligncenter size-full wp-image-29897\" src=\"https:\/\/agora.xtec.cat\/iesvilatzara\/wp-content\/uploads\/usu356\/2026\/03\/barcelona-codewars-programadors.jpg\" alt=\"\" width=\"1000\" height=\"750\" srcset=\"https:\/\/agora.xtec.cat\/iesvilatzara\/wp-content\/uploads\/usu356\/2026\/03\/barcelona-codewars-programadors.jpg 1000w, https:\/\/agora.xtec.cat\/iesvilatzara\/wp-content\/uploads\/usu356\/2026\/03\/barcelona-codewars-programadors-300x225.jpg 300w, https:\/\/agora.xtec.cat\/iesvilatzara\/wp-content\/uploads\/usu356\/2026\/03\/barcelona-codewars-programadors-768x576.jpg 768w, https:\/\/agora.xtec.cat\/iesvilatzara\/wp-content\/uploads\/usu356\/2026\/03\/barcelona-codewars-programadors-200x150.jpg 200w\" sizes=\"auto, (max-width: 1000px) 100vw, 1000px\" \/> <img loading=\"lazy\" decoding=\"async\" class=\"aligncenter size-large wp-image-29899\" src=\"https:\/\/agora.xtec.cat\/iesvilatzara\/wp-content\/uploads\/usu356\/2026\/03\/codewars.jpg\" alt=\"\" width=\"1000\" height=\"750\" srcset=\"https:\/\/agora.xtec.cat\/iesvilatzara\/wp-content\/uploads\/usu356\/2026\/03\/codewars.jpg 1000w, https:\/\/agora.xtec.cat\/iesvilatzara\/wp-content\/uploads\/usu356\/2026\/03\/codewars-300x225.jpg 300w, https:\/\/agora.xtec.cat\/iesvilatzara\/wp-content\/uploads\/usu356\/2026\/03\/codewars-768x576.jpg 768w, https:\/\/agora.xtec.cat\/iesvilatzara\/wp-content\/uploads\/usu356\/2026\/03\/codewars-200x150.jpg 200w\" sizes=\"auto, (max-width: 1000px) 100vw, 1000px\" \/><\/p>\n","protected":false},"excerpt":{"rendered":"<p>Els nostres joves programadors han participat en el Barcelona CodeWars, un esdeveniment internacional de programaci\u00f3 amb l&#8217;objectiu de fomentar les vocacions STEM (ci\u00e8ncia, tecnologia, enginyeria i matem\u00e0tiques) entre l&#8217;alumnat de secund\u00e0ria i batxillerat. Aqu\u00ed us deixem unes imatges de la jornada!<\/p>\n","protected":false},"author":125,"featured_media":29897,"comment_status":"open","ping_status":"open","sticky":false,"template":"","format":"standard","meta":{"_bbp_topic_count":0,"_bbp_reply_count":0,"_bbp_total_topic_count":0,"_bbp_total_reply_count":0,"_bbp_voice_count":0,"_bbp_anonymous_reply_count":0,"_bbp_topic_count_hidden":0,"_bbp_reply_count_hidden":0,"_bbp_forum_subforum_count":0,"footnotes":""},"categories":[1,62],"tags":[121,147,164],"class_list":["post-29896","post","type-post","status-publish","format-standard","has-post-thumbnail","hentry","category-noticies-portada","category-premis-i-concursos","tag-butlleti","tag-ciencies","tag-tecnologia"],"post_mailing_queue_ids":[],"_links":{"self":[{"href":"https:\/\/agora.xtec.cat\/iesvilatzara\/wp-json\/wp\/v2\/posts\/29896","targetHints":{"allow":["GET"]}}],"collection":[{"href":"https:\/\/agora.xtec.cat\/iesvilatzara\/wp-json\/wp\/v2\/posts"}],"about":[{"href":"https:\/\/agora.xtec.cat\/iesvilatzara\/wp-json\/wp\/v2\/types\/post"}],"author":[{"embeddable":true,"href":"https:\/\/agora.xtec.cat\/iesvilatzara\/wp-json\/wp\/v2\/users\/125"}],"replies":[{"embeddable":true,"href":"https:\/\/agora.xtec.cat\/iesvilatzara\/wp-json\/wp\/v2\/comments?post=29896"}],"version-history":[{"count":2,"href":"https:\/\/agora.xtec.cat\/iesvilatzara\/wp-json\/wp\/v2\/posts\/29896\/revisions"}],"predecessor-version":[{"id":29901,"href":"https:\/\/agora.xtec.cat\/iesvilatzara\/wp-json\/wp\/v2\/posts\/29896\/revisions\/29901"}],"wp:featuredmedia":[{"embeddable":true,"href":"https:\/\/agora.xtec.cat\/iesvilatzara\/wp-json\/wp\/v2\/media\/29897"}],"wp:attachment":[{"href":"https:\/\/agora.xtec.cat\/iesvilatzara\/wp-json\/wp\/v2\/media?parent=29896"}],"wp:term":[{"taxonomy":"category","embeddable":true,"href":"https:\/\/agora.xtec.cat\/iesvilatzara\/wp-json\/wp\/v2\/categories?post=29896"},{"taxonomy":"post_tag","embeddable":true,"href":"https:\/\/agora.xtec.cat\/iesvilatzara\/wp-json\/wp\/v2\/tags?post=29896"}],"curies":[{"name":"wp","href":"https:\/\/api.w.org\/{rel}","templated":true}]}}