{"id":29599,"date":"2026-03-23T19:06:19","date_gmt":"2026-03-23T18:06:19","guid":{"rendered":"https:\/\/agora.xtec.cat\/iesvilatzara\/?p=29599"},"modified":"2026-03-27T15:01:54","modified_gmt":"2026-03-27T14:01:54","slug":"ruta-sobre-el-quijote-amb-alumnes-de-literatura-universal","status":"publish","type":"post","link":"https:\/\/agora.xtec.cat\/iesvilatzara\/noticies-portada\/ruta-sobre-el-quijote-amb-alumnes-de-literatura-universal\/","title":{"rendered":"Ruta sobre &#8220;El Quijote&#8221; amb alumnes de Literatura Universal"},"content":{"rendered":"<p>Avui dilluns, l&#8217;alumnat de 1r de batxillerat que cursa la mat\u00e8ria optativa <strong>Literatura Universal<\/strong> ha anat a Barcelona per fer un recorregut molt especial. Es tracta d&#8217;una <a href=\"https:\/\/teadifusiocultural.com\/don-quijote-en-barcelona\/\">ruta pels principals indrets<\/a> que surten a la gran obra de les lletres castellanes: <em>El Quijote<\/em><strong>,<\/strong> ja que es dona la circumst\u00e0ncia que els \u00faltims cap\u00edtols estan ambientats a la ciutat de Barcelona durant el segle XVII.<\/p>\n<p>Aix\u00ed, a mesura que passej\u00e0vem per Barcelona, an\u00e0vem llegint fragments de la novel\u00b7la i visitant llocs com ara el <strong>Museu Mar\u00edtim, la Bas\u00edlica de la Merc\u00e8 o la Casa Cervantes.<\/strong><\/p>\n<p>Els han acompanyat els professors de la mat\u00e8ria Iv\u00e1n Guerrero i Marisa Montes.<\/p>\n<p><img loading=\"lazy\" decoding=\"async\" class=\"aligncenter size-large wp-image-29958\" src=\"https:\/\/agora.xtec.cat\/iesvilatzara\/wp-content\/uploads\/usu356\/2026\/03\/ruta-quijote-barcelona-768x1024.jpg\" alt=\"\" width=\"768\" height=\"1024\" srcset=\"https:\/\/agora.xtec.cat\/iesvilatzara\/wp-content\/uploads\/usu356\/2026\/03\/ruta-quijote-barcelona-768x1024.jpg 768w, https:\/\/agora.xtec.cat\/iesvilatzara\/wp-content\/uploads\/usu356\/2026\/03\/ruta-quijote-barcelona-225x300.jpg 225w, https:\/\/agora.xtec.cat\/iesvilatzara\/wp-content\/uploads\/usu356\/2026\/03\/ruta-quijote-barcelona-1152x1536.jpg 1152w, https:\/\/agora.xtec.cat\/iesvilatzara\/wp-content\/uploads\/usu356\/2026\/03\/ruta-quijote-barcelona.jpg 1500w\" sizes=\"auto, (max-width: 768px) 100vw, 768px\" \/> <img loading=\"lazy\" decoding=\"async\" class=\"aligncenter size-large wp-image-29960\" src=\"https:\/\/agora.xtec.cat\/iesvilatzara\/wp-content\/uploads\/usu356\/2026\/03\/sortida-quijote-literatura-universal-1024x576.jpg\" alt=\"\" width=\"1024\" height=\"576\" srcset=\"https:\/\/agora.xtec.cat\/iesvilatzara\/wp-content\/uploads\/usu356\/2026\/03\/sortida-quijote-literatura-universal-1024x576.jpg 1024w, https:\/\/agora.xtec.cat\/iesvilatzara\/wp-content\/uploads\/usu356\/2026\/03\/sortida-quijote-literatura-universal-300x169.jpg 300w, https:\/\/agora.xtec.cat\/iesvilatzara\/wp-content\/uploads\/usu356\/2026\/03\/sortida-quijote-literatura-universal-768x432.jpg 768w, https:\/\/agora.xtec.cat\/iesvilatzara\/wp-content\/uploads\/usu356\/2026\/03\/sortida-quijote-literatura-universal-1536x864.jpg 1536w, https:\/\/agora.xtec.cat\/iesvilatzara\/wp-content\/uploads\/usu356\/2026\/03\/sortida-quijote-literatura-universal.jpg 1920w\" sizes=\"auto, (max-width: 1024px) 100vw, 1024px\" \/> <img loading=\"lazy\" decoding=\"async\" class=\"aligncenter size-large wp-image-29961\" src=\"https:\/\/agora.xtec.cat\/iesvilatzara\/wp-content\/uploads\/usu356\/2026\/03\/sortida-barcelona-ruta-quijote-576x1024.jpg\" alt=\"\" width=\"576\" height=\"1024\" srcset=\"https:\/\/agora.xtec.cat\/iesvilatzara\/wp-content\/uploads\/usu356\/2026\/03\/sortida-barcelona-ruta-quijote-576x1024.jpg 576w, https:\/\/agora.xtec.cat\/iesvilatzara\/wp-content\/uploads\/usu356\/2026\/03\/sortida-barcelona-ruta-quijote-169x300.jpg 169w, https:\/\/agora.xtec.cat\/iesvilatzara\/wp-content\/uploads\/usu356\/2026\/03\/sortida-barcelona-ruta-quijote-768x1365.jpg 768w, https:\/\/agora.xtec.cat\/iesvilatzara\/wp-content\/uploads\/usu356\/2026\/03\/sortida-barcelona-ruta-quijote-864x1536.jpg 864w, https:\/\/agora.xtec.cat\/iesvilatzara\/wp-content\/uploads\/usu356\/2026\/03\/sortida-barcelona-ruta-quijote.jpg 1080w\" sizes=\"auto, (max-width: 576px) 100vw, 576px\" \/><\/p>\n","protected":false},"excerpt":{"rendered":"<p>Avui dilluns, l&#8217;alumnat de 1r de batxillerat que cursa la mat\u00e8ria optativa Literatura Universal ha anat a Barcelona per fer un recorregut molt especial. Es tracta d&#8217;una <a href=\"https:\/\/teadifusiocultural.com\/don-quijote-en-barcelona\/\">ruta pels principals indrets<\/a> que surten a la gran obra de les lletres castellanes: El Quijote, ja&hellip;  <a href=\"https:\/\/agora.xtec.cat\/iesvilatzara\/noticies-portada\/ruta-sobre-el-quijote-amb-alumnes-de-literatura-universal\/\" title=\"Read Ruta sobre &#8220;El Quijote&#8221; amb alumnes de Literatura Universal\">Llegeix m\u00e9s\u00bb<\/a><\/p>\n","protected":false},"author":125,"featured_media":29959,"comment_status":"open","ping_status":"open","sticky":false,"template":"","format":"standard","meta":{"_bbp_topic_count":0,"_bbp_reply_count":0,"_bbp_total_topic_count":0,"_bbp_total_reply_count":0,"_bbp_voice_count":0,"_bbp_anonymous_reply_count":0,"_bbp_topic_count_hidden":0,"_bbp_reply_count_hidden":0,"_bbp_forum_subforum_count":0,"footnotes":""},"categories":[60,1],"tags":[121,158,172,143],"class_list":["post-29599","post","type-post","status-publish","format-standard","has-post-thumbnail","hentry","category-1r-batxillerat","category-noticies-portada","tag-butlleti","tag-literatura","tag-sorti","tag-sortides"],"post_mailing_queue_ids":[],"_links":{"self":[{"href":"https:\/\/agora.xtec.cat\/iesvilatzara\/wp-json\/wp\/v2\/posts\/29599","targetHints":{"allow":["GET"]}}],"collection":[{"href":"https:\/\/agora.xtec.cat\/iesvilatzara\/wp-json\/wp\/v2\/posts"}],"about":[{"href":"https:\/\/agora.xtec.cat\/iesvilatzara\/wp-json\/wp\/v2\/types\/post"}],"author":[{"embeddable":true,"href":"https:\/\/agora.xtec.cat\/iesvilatzara\/wp-json\/wp\/v2\/users\/125"}],"replies":[{"embeddable":true,"href":"https:\/\/agora.xtec.cat\/iesvilatzara\/wp-json\/wp\/v2\/comments?post=29599"}],"version-history":[{"count":3,"href":"https:\/\/agora.xtec.cat\/iesvilatzara\/wp-json\/wp\/v2\/posts\/29599\/revisions"}],"predecessor-version":[{"id":29963,"href":"https:\/\/agora.xtec.cat\/iesvilatzara\/wp-json\/wp\/v2\/posts\/29599\/revisions\/29963"}],"wp:featuredmedia":[{"embeddable":true,"href":"https:\/\/agora.xtec.cat\/iesvilatzara\/wp-json\/wp\/v2\/media\/29959"}],"wp:attachment":[{"href":"https:\/\/agora.xtec.cat\/iesvilatzara\/wp-json\/wp\/v2\/media?parent=29599"}],"wp:term":[{"taxonomy":"category","embeddable":true,"href":"https:\/\/agora.xtec.cat\/iesvilatzara\/wp-json\/wp\/v2\/categories?post=29599"},{"taxonomy":"post_tag","embeddable":true,"href":"https:\/\/agora.xtec.cat\/iesvilatzara\/wp-json\/wp\/v2\/tags?post=29599"}],"curies":[{"name":"wp","href":"https:\/\/api.w.org\/{rel}","templated":true}]}}