{"id":22908,"date":"2022-11-23T11:38:11","date_gmt":"2022-11-23T10:38:11","guid":{"rendered":"https:\/\/agora.xtec.cat\/iesvilatzara\/?p=22908"},"modified":"2022-11-23T11:38:11","modified_gmt":"2022-11-23T10:38:11","slug":"participacio-a-les-jornades-aumenta-me-2022","status":"publish","type":"post","link":"https:\/\/agora.xtec.cat\/iesvilatzara\/noticies-portada\/participacio-a-les-jornades-aumenta-me-2022\/","title":{"rendered":"Participaci\u00f3 a les jornades AUMENTA.ME 2022"},"content":{"rendered":"<p align=\"justify\">La professora d\u2019angl\u00e8s del Vilatzara, Ester Magriny\u00e0, va donar a con\u00e8ixer un dels projectes de realitat virtual i augmentada que duen a terme al centre. La pon\u00e8ncia va tenir lloc a l\u2019Escola Industrial de Barcelona i girava en torn al projecte titulat\u00a0<b>Cinematographic Merge Cube Exhibition<\/b>.<\/p>\n<p align=\"justify\">L\u2019objectiu principal \u00e9s implementar les noves tecnologies a Secund\u00e0ria, en aquest cas, mitjan\u00e7ant el disseny\u00a0d\u2019un\u00a0Merge Cube i la programaci\u00f3 amb CoSpaces. El grup-classe implicat en el projecte va crear, doncs, les ressenyes de diferents pel\u00b7l\u00edcules en realitat augmentada. Alhora, des de l\u2019aula d\u2019angl\u00e8s, es promou tamb\u00e9 l\u2019expressi\u00f3 escrita, l&#8217;oral, el treball col\u00b7laboratiu i l\u2019aprenentatge entre iguals.<\/p>\n<p align=\"justify\">Aqu\u00ed podeu veure la\u00a0<a href=\"https:\/\/aumenta.me\/2022\/11\/20\/cinematographic-merge-cube-exhibition\/\" target=\"_blank\" rel=\"noopener\" data-saferedirecturl=\"https:\/\/www.google.com\/url?q=https:\/\/aumenta.me\/2022\/11\/20\/cinematographic-merge-cube-exhibition\/&amp;source=gmail&amp;ust=1669285825351000&amp;usg=AOvVaw38Hwwck--Unj5_f0XRvFj2\">pon\u00e8ncia<\/a>\u00a0i per m\u00e9s informaci\u00f3 sobre l\u2019activitat, podeu accedir a l\u2019<a href=\"http:\/\/diposit.ub.edu\/dspace\/handle\/2445\/183429\" target=\"_blank\" rel=\"noopener\" data-saferedirecturl=\"https:\/\/www.google.com\/url?q=http:\/\/diposit.ub.edu\/dspace\/handle\/2445\/183429&amp;source=gmail&amp;ust=1669285825351000&amp;usg=AOvVaw2Os-9m6clNBD3vVEo-B6K3\">article<\/a>\u00a0detallat de l\u2019ICE-UB.<\/p>\n\n\t\t<style type=\"text\/css\">\n\t\t\t#gallery-1 {\n\t\t\t\tmargin: auto;\n\t\t\t}\n\t\t\t#gallery-1 .gallery-item {\n\t\t\t\tfloat: left;\n\t\t\t\tmargin-top: 10px;\n\t\t\t\ttext-align: center;\n\t\t\t\twidth: 33%;\n\t\t\t}\n\t\t\t#gallery-1 img {\n\t\t\t\tborder: 2px solid #cfcfcf;\n\t\t\t}\n\t\t\t#gallery-1 .gallery-caption {\n\t\t\t\tmargin-left: 0;\n\t\t\t}\n\t\t\t\/* see gallery_shortcode() in wp-includes\/media.php *\/\n\t\t<\/style>\n\t\t<div id='gallery-1' class='gallery galleryid-22908 gallery-columns-3 gallery-size-medium'><dl class='gallery-item'>\n\t\t\t<dt class='gallery-icon landscape'>\n\t\t\t\t<a href='https:\/\/agora.xtec.cat\/iesvilatzara\/noticies-portada\/participacio-a-les-jornades-aumenta-me-2022\/attachment\/img_6007\/'><img loading=\"lazy\" decoding=\"async\" width=\"300\" height=\"225\" src=\"https:\/\/agora.xtec.cat\/iesvilatzara\/wp-content\/uploads\/usu356\/2022\/11\/IMG_6007-300x225.jpg\" class=\"attachment-medium size-medium\" alt=\"\" srcset=\"https:\/\/agora.xtec.cat\/iesvilatzara\/wp-content\/uploads\/usu356\/2022\/11\/IMG_6007-300x225.jpg 300w, https:\/\/agora.xtec.cat\/iesvilatzara\/wp-content\/uploads\/usu356\/2022\/11\/IMG_6007-1024x768.jpg 1024w, https:\/\/agora.xtec.cat\/iesvilatzara\/wp-content\/uploads\/usu356\/2022\/11\/IMG_6007-768x576.jpg 768w, https:\/\/agora.xtec.cat\/iesvilatzara\/wp-content\/uploads\/usu356\/2022\/11\/IMG_6007-1536x1152.jpg 1536w, https:\/\/agora.xtec.cat\/iesvilatzara\/wp-content\/uploads\/usu356\/2022\/11\/IMG_6007-200x150.jpg 200w, https:\/\/agora.xtec.cat\/iesvilatzara\/wp-content\/uploads\/usu356\/2022\/11\/IMG_6007.jpg 2048w\" sizes=\"auto, (max-width: 300px) 100vw, 300px\" \/><\/a>\n\t\t\t<\/dt><\/dl><dl class='gallery-item'>\n\t\t\t<dt class='gallery-icon landscape'>\n\t\t\t\t<a href='https:\/\/agora.xtec.cat\/iesvilatzara\/noticies-portada\/participacio-a-les-jornades-aumenta-me-2022\/attachment\/img_6008\/'><img loading=\"lazy\" decoding=\"async\" width=\"300\" height=\"225\" src=\"https:\/\/agora.xtec.cat\/iesvilatzara\/wp-content\/uploads\/usu356\/2022\/11\/IMG_6008-300x225.jpg\" class=\"attachment-medium size-medium\" alt=\"\" srcset=\"https:\/\/agora.xtec.cat\/iesvilatzara\/wp-content\/uploads\/usu356\/2022\/11\/IMG_6008-300x225.jpg 300w, https:\/\/agora.xtec.cat\/iesvilatzara\/wp-content\/uploads\/usu356\/2022\/11\/IMG_6008-768x576.jpg 768w, https:\/\/agora.xtec.cat\/iesvilatzara\/wp-content\/uploads\/usu356\/2022\/11\/IMG_6008-200x150.jpg 200w, https:\/\/agora.xtec.cat\/iesvilatzara\/wp-content\/uploads\/usu356\/2022\/11\/IMG_6008.jpg 1024w\" sizes=\"auto, (max-width: 300px) 100vw, 300px\" \/><\/a>\n\t\t\t<\/dt><\/dl><dl class='gallery-item'>\n\t\t\t<dt class='gallery-icon landscape'>\n\t\t\t\t<a href='https:\/\/agora.xtec.cat\/iesvilatzara\/noticies-portada\/participacio-a-les-jornades-aumenta-me-2022\/attachment\/img_6054\/'><img loading=\"lazy\" decoding=\"async\" width=\"300\" height=\"225\" src=\"https:\/\/agora.xtec.cat\/iesvilatzara\/wp-content\/uploads\/usu356\/2022\/11\/IMG_6054-300x225.jpg\" class=\"attachment-medium size-medium\" alt=\"\" srcset=\"https:\/\/agora.xtec.cat\/iesvilatzara\/wp-content\/uploads\/usu356\/2022\/11\/IMG_6054-300x225.jpg 300w, https:\/\/agora.xtec.cat\/iesvilatzara\/wp-content\/uploads\/usu356\/2022\/11\/IMG_6054-1024x769.jpg 1024w, https:\/\/agora.xtec.cat\/iesvilatzara\/wp-content\/uploads\/usu356\/2022\/11\/IMG_6054-768x577.jpg 768w, https:\/\/agora.xtec.cat\/iesvilatzara\/wp-content\/uploads\/usu356\/2022\/11\/IMG_6054-1536x1154.jpg 1536w, https:\/\/agora.xtec.cat\/iesvilatzara\/wp-content\/uploads\/usu356\/2022\/11\/IMG_6054-200x150.jpg 200w, https:\/\/agora.xtec.cat\/iesvilatzara\/wp-content\/uploads\/usu356\/2022\/11\/IMG_6054.jpg 2048w\" sizes=\"auto, (max-width: 300px) 100vw, 300px\" \/><\/a>\n\t\t\t<\/dt><\/dl><br style=\"clear: both\" \/>\n\t\t<\/div>\n\n","protected":false},"excerpt":{"rendered":"<p>La professora d\u2019angl\u00e8s del Vilatzara, Ester Magriny\u00e0, va donar a con\u00e8ixer un dels projectes de realitat virtual i augmentada que duen a terme al centre. La pon\u00e8ncia va tenir lloc a l\u2019Escola Industrial de Barcelona i girava en torn al projecte titulat\u00a0Cinematographic Merge Cube Exhibition.<br \/>\nL\u2019objectiu&hellip;  <a href=\"https:\/\/agora.xtec.cat\/iesvilatzara\/noticies-portada\/participacio-a-les-jornades-aumenta-me-2022\/\" title=\"Read Participaci\u00f3 a les jornades AUMENTA.ME 2022\">Llegeix m\u00e9s\u00bb<\/a><\/p>\n","protected":false},"author":128,"featured_media":22912,"comment_status":"open","ping_status":"closed","sticky":false,"template":"","format":"standard","meta":{"_bbp_topic_count":0,"_bbp_reply_count":0,"_bbp_total_topic_count":0,"_bbp_total_reply_count":0,"_bbp_voice_count":0,"_bbp_anonymous_reply_count":0,"_bbp_topic_count_hidden":0,"_bbp_reply_count_hidden":0,"_bbp_forum_subforum_count":0,"footnotes":""},"categories":[63,108,1,101,72],"tags":[],"class_list":["post-22908","post","type-post","status-publish","format-standard","has-post-thumbnail","hentry","category-activitats","category-tac","category-noticies-portada","category-projectes","category-raco-del-dia-a-dia"],"post_mailing_queue_ids":[],"_links":{"self":[{"href":"https:\/\/agora.xtec.cat\/iesvilatzara\/wp-json\/wp\/v2\/posts\/22908","targetHints":{"allow":["GET"]}}],"collection":[{"href":"https:\/\/agora.xtec.cat\/iesvilatzara\/wp-json\/wp\/v2\/posts"}],"about":[{"href":"https:\/\/agora.xtec.cat\/iesvilatzara\/wp-json\/wp\/v2\/types\/post"}],"author":[{"embeddable":true,"href":"https:\/\/agora.xtec.cat\/iesvilatzara\/wp-json\/wp\/v2\/users\/128"}],"replies":[{"embeddable":true,"href":"https:\/\/agora.xtec.cat\/iesvilatzara\/wp-json\/wp\/v2\/comments?post=22908"}],"version-history":[{"count":1,"href":"https:\/\/agora.xtec.cat\/iesvilatzara\/wp-json\/wp\/v2\/posts\/22908\/revisions"}],"predecessor-version":[{"id":22913,"href":"https:\/\/agora.xtec.cat\/iesvilatzara\/wp-json\/wp\/v2\/posts\/22908\/revisions\/22913"}],"wp:featuredmedia":[{"embeddable":true,"href":"https:\/\/agora.xtec.cat\/iesvilatzara\/wp-json\/wp\/v2\/media\/22912"}],"wp:attachment":[{"href":"https:\/\/agora.xtec.cat\/iesvilatzara\/wp-json\/wp\/v2\/media?parent=22908"}],"wp:term":[{"taxonomy":"category","embeddable":true,"href":"https:\/\/agora.xtec.cat\/iesvilatzara\/wp-json\/wp\/v2\/categories?post=22908"},{"taxonomy":"post_tag","embeddable":true,"href":"https:\/\/agora.xtec.cat\/iesvilatzara\/wp-json\/wp\/v2\/tags?post=22908"}],"curies":[{"name":"wp","href":"https:\/\/api.w.org\/{rel}","templated":true}]}}