{"id":3721,"date":"2026-02-04T10:24:45","date_gmt":"2026-02-04T09:24:45","guid":{"rendered":"https:\/\/agora.xtec.cat\/iesvilamajor\/?p=3721"},"modified":"2026-02-04T10:25:22","modified_gmt":"2026-02-04T09:25:22","slug":"11-de-febrer-vaga-general-educativa","status":"publish","type":"post","link":"https:\/\/agora.xtec.cat\/iesvilamajor\/general\/11-de-febrer-vaga-general-educativa\/","title":{"rendered":"11 de febrer, vaga general educativa"},"content":{"rendered":"<p>Benvolgudes fam\u00edlies,<\/p>\n<p>Us informem que el proper dia 11 de febrer tindr\u00e0 lloc una vaga general educativa.<\/p>\n<p>Us recordem que, d\u2019acord amb el <strong>Decret 102\/2010, d\u2019autonomia dels centres educatius<\/strong>, a partir de <strong>3r d\u2019Educaci\u00f3 Secund\u00e0ria Obligat\u00f2ria<\/strong> l\u2019alumnat pot prendre decisions col\u00b7lectives sobre la seva assist\u00e8ncia a classe.<\/p>\n<p>El <strong>Consell de delegats del centre<\/strong>, en concret els delegats de <strong>3r i 4t d\u2019ESO i de 1r i 2n de batxillerat<\/strong>, ha comunicat a la direcci\u00f3 la seva proposta d\u2019adherir-se a l\u2019esmentada vaga secundant la convocat\u00f2ria del sindicat d&#8217;estudiants. Un cop informat el <strong>Consell Escolar del centre<\/strong>, us comuniquem que aquest ha decidit <strong>autoritzar l\u2019adhesi\u00f3 de l\u2019alumnat a la vaga<\/strong>.<\/p>\n<p><strong>L\u2019alumnat de 1r i 2n d\u2019ESO ha d\u2019assistir al centre amb total normalitat.<\/strong><\/p>\n<p>El centre <strong>romandr\u00e0 obert<\/strong> i es garantir\u00e0 l\u2019atenci\u00f3 educativa a tot l\u2019alumnat que assisteixi al centre, aix\u00ed com <strong>els serveis m\u00ednims<\/strong>, si escau.<\/p>\n<p>L\u2019alumnat absent constar\u00e0 amb <strong>falta d\u2019assist\u00e8ncia<\/strong> a l\u2019aplicaci\u00f3 <strong>iEduca<\/strong>, que podeu justificar com a fam\u00edlies. Per tant, \u00e9s <strong>important<\/strong> que, en el cas que autoritzeu el\/la vostre\/a fill\/a a absentar-se del centre amb motiu de la vaga del dia 11 de febrer, <strong>justifiqueu la falta d\u2019assist\u00e8ncia a primera hora del mat\u00ed<\/strong> a trav\u00e9s de la plataforma iEduca.<\/p>\n<p>Gr\u00e0cies per la vostra col\u00b7laboraci\u00f3.<\/p>\n<p><a href=\"https:\/\/agora.xtec.cat\/iesvilamajor\/wp-content\/uploads\/usu2625\/2026\/02\/cartellA3_SE-vaga11F_web.jpg\"><img loading=\"lazy\" decoding=\"async\" class=\"alignnone size-full wp-image-3722\" src=\"https:\/\/agora.xtec.cat\/iesvilamajor\/wp-content\/uploads\/usu2625\/2026\/02\/cartellA3_SE-vaga11F_web.jpg\" alt=\"11F\" width=\"300\" height=\"424\" srcset=\"https:\/\/agora.xtec.cat\/iesvilamajor\/wp-content\/uploads\/usu2625\/2026\/02\/cartellA3_SE-vaga11F_web.jpg 300w, https:\/\/agora.xtec.cat\/iesvilamajor\/wp-content\/uploads\/usu2625\/2026\/02\/cartellA3_SE-vaga11F_web-212x300.jpg 212w\" sizes=\"auto, (max-width: 300px) 100vw, 300px\" \/><\/a><\/p>\n","protected":false},"excerpt":{"rendered":"<p>Benvolgudes fam\u00edlies, Us informem que el proper dia 11 de febrer tindr\u00e0 lloc una vaga general educativa. Us recordem que, d\u2019acord amb el Decret 102\/2010, d\u2019autonomia dels centres educatius, a partir de 3r d\u2019Educaci\u00f3 Secund\u00e0ria Obligat\u00f2ria l\u2019alumnat pot prendre decisions col\u00b7lectives sobre la seva assist\u00e8ncia a classe. El Consell de delegats del centre, en concret [&hellip;]<\/p>\n","protected":false},"author":10,"featured_media":3722,"comment_status":"open","ping_status":"open","sticky":false,"template":"","format":"standard","meta":{"_bbp_topic_count":0,"_bbp_reply_count":0,"_bbp_total_topic_count":0,"_bbp_total_reply_count":0,"_bbp_voice_count":0,"_bbp_anonymous_reply_count":0,"_bbp_topic_count_hidden":0,"_bbp_reply_count_hidden":0,"_bbp_forum_subforum_count":0,"site-sidebar-layout":"default","site-content-layout":"","ast-site-content-layout":"default","site-content-style":"default","site-sidebar-style":"default","ast-global-header-display":"","ast-banner-title-visibility":"","ast-main-header-display":"","ast-hfb-above-header-display":"","ast-hfb-below-header-display":"","ast-hfb-mobile-header-display":"","site-post-title":"","ast-breadcrumbs-content":"","ast-featured-img":"","footer-sml-layout":"","theme-transparent-header-meta":"default","adv-header-id-meta":"","stick-header-meta":"","header-above-stick-meta":"","header-main-stick-meta":"","header-below-stick-meta":"","astra-migrate-meta-layouts":"set","ast-page-background-enabled":"default","ast-page-background-meta":{"desktop":{"background-color":"var(--ast-global-color-4)","background-image":"","background-repeat":"repeat","background-position":"center center","background-size":"auto","background-attachment":"scroll","background-type":"","background-media":"","overlay-type":"","overlay-color":"","overlay-opacity":"","overlay-gradient":""},"tablet":{"background-color":"","background-image":"","background-repeat":"repeat","background-position":"center center","background-size":"auto","background-attachment":"scroll","background-type":"","background-media":"","overlay-type":"","overlay-color":"","overlay-opacity":"","overlay-gradient":""},"mobile":{"background-color":"","background-image":"","background-repeat":"repeat","background-position":"center center","background-size":"auto","background-attachment":"scroll","background-type":"","background-media":"","overlay-type":"","overlay-color":"","overlay-opacity":"","overlay-gradient":""}},"ast-content-background-meta":{"desktop":{"background-color":"var(--ast-global-color-5)","background-image":"","background-repeat":"repeat","background-position":"center center","background-size":"auto","background-attachment":"scroll","background-type":"","background-media":"","overlay-type":"","overlay-color":"","overlay-opacity":"","overlay-gradient":""},"tablet":{"background-color":"var(--ast-global-color-5)","background-image":"","background-repeat":"repeat","background-position":"center center","background-size":"auto","background-attachment":"scroll","background-type":"","background-media":"","overlay-type":"","overlay-color":"","overlay-opacity":"","overlay-gradient":""},"mobile":{"background-color":"var(--ast-global-color-5)","background-image":"","background-repeat":"repeat","background-position":"center center","background-size":"auto","background-attachment":"scroll","background-type":"","background-media":"","overlay-type":"","overlay-color":"","overlay-opacity":"","overlay-gradient":""}},"footnotes":""},"categories":[1,29],"tags":[],"class_list":["post-3721","post","type-post","status-publish","format-standard","has-post-thumbnail","hentry","category-general","category-portada"],"post_mailing_queue_ids":[],"_links":{"self":[{"href":"https:\/\/agora.xtec.cat\/iesvilamajor\/wp-json\/wp\/v2\/posts\/3721","targetHints":{"allow":["GET"]}}],"collection":[{"href":"https:\/\/agora.xtec.cat\/iesvilamajor\/wp-json\/wp\/v2\/posts"}],"about":[{"href":"https:\/\/agora.xtec.cat\/iesvilamajor\/wp-json\/wp\/v2\/types\/post"}],"author":[{"embeddable":true,"href":"https:\/\/agora.xtec.cat\/iesvilamajor\/wp-json\/wp\/v2\/users\/10"}],"replies":[{"embeddable":true,"href":"https:\/\/agora.xtec.cat\/iesvilamajor\/wp-json\/wp\/v2\/comments?post=3721"}],"version-history":[{"count":2,"href":"https:\/\/agora.xtec.cat\/iesvilamajor\/wp-json\/wp\/v2\/posts\/3721\/revisions"}],"predecessor-version":[{"id":3724,"href":"https:\/\/agora.xtec.cat\/iesvilamajor\/wp-json\/wp\/v2\/posts\/3721\/revisions\/3724"}],"wp:featuredmedia":[{"embeddable":true,"href":"https:\/\/agora.xtec.cat\/iesvilamajor\/wp-json\/wp\/v2\/media\/3722"}],"wp:attachment":[{"href":"https:\/\/agora.xtec.cat\/iesvilamajor\/wp-json\/wp\/v2\/media?parent=3721"}],"wp:term":[{"taxonomy":"category","embeddable":true,"href":"https:\/\/agora.xtec.cat\/iesvilamajor\/wp-json\/wp\/v2\/categories?post=3721"},{"taxonomy":"post_tag","embeddable":true,"href":"https:\/\/agora.xtec.cat\/iesvilamajor\/wp-json\/wp\/v2\/tags?post=3721"}],"curies":[{"name":"wp","href":"https:\/\/api.w.org\/{rel}","templated":true}]}}