{"id":3708,"date":"2026-01-09T11:29:37","date_gmt":"2026-01-09T10:29:37","guid":{"rendered":"https:\/\/agora.xtec.cat\/iesvilamajor\/?p=3708"},"modified":"2026-01-09T11:41:12","modified_gmt":"2026-01-09T10:41:12","slug":"musica-al-vilamajor","status":"publish","type":"post","link":"https:\/\/agora.xtec.cat\/iesvilamajor\/general\/musica-al-vilamajor\/","title":{"rendered":"M\u00fasica al Vilamajor"},"content":{"rendered":"<p>Baix, bateria, piano teclat, xil\u00f2fon&#8230; No falta ning\u00fa!<\/p>\n<p><a href=\"https:\/\/agora.xtec.cat\/iesvilamajor\/wp-content\/uploads\/usu2625\/2026\/01\/Captura-de-pantalla-2026-01-09-112405.png\"><img loading=\"lazy\" decoding=\"async\" class=\"alignnone size-full wp-image-3709\" src=\"https:\/\/agora.xtec.cat\/iesvilamajor\/wp-content\/uploads\/usu2625\/2026\/01\/Captura-de-pantalla-2026-01-09-112405.png\" alt=\"\" width=\"776\" height=\"432\" srcset=\"https:\/\/agora.xtec.cat\/iesvilamajor\/wp-content\/uploads\/usu2625\/2026\/01\/Captura-de-pantalla-2026-01-09-112405.png 776w, https:\/\/agora.xtec.cat\/iesvilamajor\/wp-content\/uploads\/usu2625\/2026\/01\/Captura-de-pantalla-2026-01-09-112405-300x167.png 300w, https:\/\/agora.xtec.cat\/iesvilamajor\/wp-content\/uploads\/usu2625\/2026\/01\/Captura-de-pantalla-2026-01-09-112405-768x428.png 768w\" sizes=\"auto, (max-width: 776px) 100vw, 776px\" \/><\/a><\/p>\n<p>Podeu veure com l&#8217;alumnat de 1r i 2n d&#8217;ESO interpreta diversos temes a l&#8217;aula de m\u00fasica a trav\u00e9s dels classrooms de tutoria.<\/p>\n<p>Als grups de 1r i 2n d\u2019ESO aquest primer trimestre els hem presentat l\u2019aula de m\u00fasica i el m\u00f3n de possibilitats que aquesta ofereix. Han tingut l\u2019oportunitat de con\u00e8ixer de prop els instruments que disposen (bateria, teclats, baix, instruments de l\u00e0mina\u2026) i con\u00e8ixer el seu funcionament i caracter\u00edstiques.<\/p>\n<p>Hem insistit molt en les din\u00e0miques de grup i d\u2019assaig musical (saber en quins moments hem de tocar i en quins moments hem de mantenir silenci) i en els rols durant la interpretaci\u00f3 musical en equip. Tot plegat implica escolta activa, visi\u00f3 de grup i una important voluntat de concentraci\u00f3.<\/p>\n","protected":false},"excerpt":{"rendered":"<p>Baix, bateria, piano teclat, xil\u00f2fon&#8230; No falta ning\u00fa! Podeu veure com l&#8217;alumnat de 1r i 2n d&#8217;ESO interpreta diversos temes a l&#8217;aula de m\u00fasica a trav\u00e9s dels classrooms de tutoria. Als grups de 1r i 2n d\u2019ESO aquest primer trimestre els hem presentat l\u2019aula de m\u00fasica i el m\u00f3n de possibilitats que aquesta ofereix. Han [&hellip;]<\/p>\n","protected":false},"author":5,"featured_media":3709,"comment_status":"open","ping_status":"open","sticky":false,"template":"","format":"standard","meta":{"_bbp_topic_count":0,"_bbp_reply_count":0,"_bbp_total_topic_count":0,"_bbp_total_reply_count":0,"_bbp_voice_count":0,"_bbp_anonymous_reply_count":0,"_bbp_topic_count_hidden":0,"_bbp_reply_count_hidden":0,"_bbp_forum_subforum_count":0,"site-sidebar-layout":"default","site-content-layout":"","ast-site-content-layout":"default","site-content-style":"default","site-sidebar-style":"default","ast-global-header-display":"","ast-banner-title-visibility":"","ast-main-header-display":"","ast-hfb-above-header-display":"","ast-hfb-below-header-display":"","ast-hfb-mobile-header-display":"","site-post-title":"","ast-breadcrumbs-content":"","ast-featured-img":"","footer-sml-layout":"","theme-transparent-header-meta":"default","adv-header-id-meta":"","stick-header-meta":"","header-above-stick-meta":"","header-main-stick-meta":"","header-below-stick-meta":"","astra-migrate-meta-layouts":"set","ast-page-background-enabled":"default","ast-page-background-meta":{"desktop":{"background-color":"var(--ast-global-color-4)","background-image":"","background-repeat":"repeat","background-position":"center center","background-size":"auto","background-attachment":"scroll","background-type":"","background-media":"","overlay-type":"","overlay-color":"","overlay-opacity":"","overlay-gradient":""},"tablet":{"background-color":"","background-image":"","background-repeat":"repeat","background-position":"center center","background-size":"auto","background-attachment":"scroll","background-type":"","background-media":"","overlay-type":"","overlay-color":"","overlay-opacity":"","overlay-gradient":""},"mobile":{"background-color":"","background-image":"","background-repeat":"repeat","background-position":"center center","background-size":"auto","background-attachment":"scroll","background-type":"","background-media":"","overlay-type":"","overlay-color":"","overlay-opacity":"","overlay-gradient":""}},"ast-content-background-meta":{"desktop":{"background-color":"var(--ast-global-color-5)","background-image":"","background-repeat":"repeat","background-position":"center center","background-size":"auto","background-attachment":"scroll","background-type":"","background-media":"","overlay-type":"","overlay-color":"","overlay-opacity":"","overlay-gradient":""},"tablet":{"background-color":"var(--ast-global-color-5)","background-image":"","background-repeat":"repeat","background-position":"center center","background-size":"auto","background-attachment":"scroll","background-type":"","background-media":"","overlay-type":"","overlay-color":"","overlay-opacity":"","overlay-gradient":""},"mobile":{"background-color":"var(--ast-global-color-5)","background-image":"","background-repeat":"repeat","background-position":"center center","background-size":"auto","background-attachment":"scroll","background-type":"","background-media":"","overlay-type":"","overlay-color":"","overlay-opacity":"","overlay-gradient":""}},"footnotes":""},"categories":[1,29],"tags":[],"class_list":["post-3708","post","type-post","status-publish","format-standard","has-post-thumbnail","hentry","category-general","category-portada"],"post_mailing_queue_ids":[],"_links":{"self":[{"href":"https:\/\/agora.xtec.cat\/iesvilamajor\/wp-json\/wp\/v2\/posts\/3708","targetHints":{"allow":["GET"]}}],"collection":[{"href":"https:\/\/agora.xtec.cat\/iesvilamajor\/wp-json\/wp\/v2\/posts"}],"about":[{"href":"https:\/\/agora.xtec.cat\/iesvilamajor\/wp-json\/wp\/v2\/types\/post"}],"author":[{"embeddable":true,"href":"https:\/\/agora.xtec.cat\/iesvilamajor\/wp-json\/wp\/v2\/users\/5"}],"replies":[{"embeddable":true,"href":"https:\/\/agora.xtec.cat\/iesvilamajor\/wp-json\/wp\/v2\/comments?post=3708"}],"version-history":[{"count":2,"href":"https:\/\/agora.xtec.cat\/iesvilamajor\/wp-json\/wp\/v2\/posts\/3708\/revisions"}],"predecessor-version":[{"id":3711,"href":"https:\/\/agora.xtec.cat\/iesvilamajor\/wp-json\/wp\/v2\/posts\/3708\/revisions\/3711"}],"wp:featuredmedia":[{"embeddable":true,"href":"https:\/\/agora.xtec.cat\/iesvilamajor\/wp-json\/wp\/v2\/media\/3709"}],"wp:attachment":[{"href":"https:\/\/agora.xtec.cat\/iesvilamajor\/wp-json\/wp\/v2\/media?parent=3708"}],"wp:term":[{"taxonomy":"category","embeddable":true,"href":"https:\/\/agora.xtec.cat\/iesvilamajor\/wp-json\/wp\/v2\/categories?post=3708"},{"taxonomy":"post_tag","embeddable":true,"href":"https:\/\/agora.xtec.cat\/iesvilamajor\/wp-json\/wp\/v2\/tags?post=3708"}],"curies":[{"name":"wp","href":"https:\/\/api.w.org\/{rel}","templated":true}]}}