{"id":3680,"date":"2025-12-15T12:03:26","date_gmt":"2025-12-15T11:03:26","guid":{"rendered":"https:\/\/agora.xtec.cat\/iesvilamajor\/?p=3680"},"modified":"2025-12-15T12:18:03","modified_gmt":"2025-12-15T11:18:03","slug":"2a-jornada-de-representants-juvenils-de-vilamajor","status":"publish","type":"post","link":"https:\/\/agora.xtec.cat\/iesvilamajor\/general\/2a-jornada-de-representants-juvenils-de-vilamajor\/","title":{"rendered":"2a Jornada de representants juvenils de Vilamajor"},"content":{"rendered":"<div>El passat dijous 11\/12\/25 es va celebrar amb \u00e8xit la 2a Jornada de representants juvenils de Vilamajor, amb l&#8217;objectiu de treballar els mecanismes de participaci\u00f3 dins dels centres educatius i fomentar una joventut cohesionada, activa i implicada en la participaci\u00f3 local.<\/div>\n<div><\/div>\n<div>\n<p>La Jornada es va estructurar en diferents parts:<\/p>\n<p>Primera part: Participaci\u00f3 estudiantil, condu\u00efda per les t\u00e8cniques de Joventut. On es va fer una introducci\u00f3 a les principals vies de participaci\u00f3, processos i \u00f2rgans existents, aix\u00ed com a eines comunicatives \u00fatils per fer arribar la informaci\u00f3 a l&#8217;alumnat.<\/p>\n<p>Segona part pr\u00e0ctica, amb grups de discussi\u00f3 per analitzar quines millores es poden implementar als centres educatius i com abordar-les utilitzant els mecanismes de participaci\u00f3 estudiantil.<\/p>\n<\/div>\n<div><\/div>\n<div>Des de l&#8217;Institut volem agrair la tasca que fan les t\u00e8cniques de Joventut, i la pres\u00e8ncia i consideraci\u00f3 de l&#8217;alcalde de Sant Antoni de Vilamajor, Ra\u00fcl Valentin; l&#8217;alcaldessa de Sant Pere de Vilamajor, J\u00e9sica P\u00e9rez i el regidor David Portet.<\/div>\n<div><\/div>\n<div><a href=\"https:\/\/agora.xtec.cat\/iesvilamajor\/wp-content\/uploads\/usu2625\/2025\/12\/deleg.jpg\"><img loading=\"lazy\" decoding=\"async\" class=\"alignnone size-large wp-image-3688\" src=\"https:\/\/agora.xtec.cat\/iesvilamajor\/wp-content\/uploads\/usu2625\/2025\/12\/deleg-1024x400.jpg\" alt=\"\" width=\"1024\" height=\"400\" srcset=\"https:\/\/agora.xtec.cat\/iesvilamajor\/wp-content\/uploads\/usu2625\/2025\/12\/deleg-1024x400.jpg 1024w, https:\/\/agora.xtec.cat\/iesvilamajor\/wp-content\/uploads\/usu2625\/2025\/12\/deleg-300x117.jpg 300w, https:\/\/agora.xtec.cat\/iesvilamajor\/wp-content\/uploads\/usu2625\/2025\/12\/deleg-768x300.jpg 768w, https:\/\/agora.xtec.cat\/iesvilamajor\/wp-content\/uploads\/usu2625\/2025\/12\/deleg.jpg 1455w\" sizes=\"auto, (max-width: 1024px) 100vw, 1024px\" \/><\/a><\/div>\n","protected":false},"excerpt":{"rendered":"<p>El passat dijous 11\/12\/25 es va celebrar amb \u00e8xit la 2a Jornada de representants juvenils de Vilamajor, amb l&#8217;objectiu de treballar els mecanismes de participaci\u00f3 dins dels centres educatius i fomentar una joventut cohesionada, activa i implicada en la participaci\u00f3 local. La Jornada es va estructurar en diferents parts: Primera part: Participaci\u00f3 estudiantil, condu\u00efda per [&hellip;]<\/p>\n","protected":false},"author":10,"featured_media":3682,"comment_status":"open","ping_status":"open","sticky":false,"template":"","format":"standard","meta":{"_bbp_topic_count":0,"_bbp_reply_count":0,"_bbp_total_topic_count":0,"_bbp_total_reply_count":0,"_bbp_voice_count":0,"_bbp_anonymous_reply_count":0,"_bbp_topic_count_hidden":0,"_bbp_reply_count_hidden":0,"_bbp_forum_subforum_count":0,"site-sidebar-layout":"default","site-content-layout":"","ast-site-content-layout":"default","site-content-style":"default","site-sidebar-style":"default","ast-global-header-display":"","ast-banner-title-visibility":"","ast-main-header-display":"","ast-hfb-above-header-display":"","ast-hfb-below-header-display":"","ast-hfb-mobile-header-display":"","site-post-title":"","ast-breadcrumbs-content":"","ast-featured-img":"","footer-sml-layout":"","theme-transparent-header-meta":"default","adv-header-id-meta":"","stick-header-meta":"","header-above-stick-meta":"","header-main-stick-meta":"","header-below-stick-meta":"","astra-migrate-meta-layouts":"set","ast-page-background-enabled":"default","ast-page-background-meta":{"desktop":{"background-color":"var(--ast-global-color-4)","background-image":"","background-repeat":"repeat","background-position":"center center","background-size":"auto","background-attachment":"scroll","background-type":"","background-media":"","overlay-type":"","overlay-color":"","overlay-opacity":"","overlay-gradient":""},"tablet":{"background-color":"","background-image":"","background-repeat":"repeat","background-position":"center center","background-size":"auto","background-attachment":"scroll","background-type":"","background-media":"","overlay-type":"","overlay-color":"","overlay-opacity":"","overlay-gradient":""},"mobile":{"background-color":"","background-image":"","background-repeat":"repeat","background-position":"center center","background-size":"auto","background-attachment":"scroll","background-type":"","background-media":"","overlay-type":"","overlay-color":"","overlay-opacity":"","overlay-gradient":""}},"ast-content-background-meta":{"desktop":{"background-color":"var(--ast-global-color-5)","background-image":"","background-repeat":"repeat","background-position":"center center","background-size":"auto","background-attachment":"scroll","background-type":"","background-media":"","overlay-type":"","overlay-color":"","overlay-opacity":"","overlay-gradient":""},"tablet":{"background-color":"var(--ast-global-color-5)","background-image":"","background-repeat":"repeat","background-position":"center center","background-size":"auto","background-attachment":"scroll","background-type":"","background-media":"","overlay-type":"","overlay-color":"","overlay-opacity":"","overlay-gradient":""},"mobile":{"background-color":"var(--ast-global-color-5)","background-image":"","background-repeat":"repeat","background-position":"center center","background-size":"auto","background-attachment":"scroll","background-type":"","background-media":"","overlay-type":"","overlay-color":"","overlay-opacity":"","overlay-gradient":""}},"footnotes":""},"categories":[1,29],"tags":[],"class_list":["post-3680","post","type-post","status-publish","format-standard","has-post-thumbnail","hentry","category-general","category-portada"],"post_mailing_queue_ids":[],"_links":{"self":[{"href":"https:\/\/agora.xtec.cat\/iesvilamajor\/wp-json\/wp\/v2\/posts\/3680","targetHints":{"allow":["GET"]}}],"collection":[{"href":"https:\/\/agora.xtec.cat\/iesvilamajor\/wp-json\/wp\/v2\/posts"}],"about":[{"href":"https:\/\/agora.xtec.cat\/iesvilamajor\/wp-json\/wp\/v2\/types\/post"}],"author":[{"embeddable":true,"href":"https:\/\/agora.xtec.cat\/iesvilamajor\/wp-json\/wp\/v2\/users\/10"}],"replies":[{"embeddable":true,"href":"https:\/\/agora.xtec.cat\/iesvilamajor\/wp-json\/wp\/v2\/comments?post=3680"}],"version-history":[{"count":6,"href":"https:\/\/agora.xtec.cat\/iesvilamajor\/wp-json\/wp\/v2\/posts\/3680\/revisions"}],"predecessor-version":[{"id":3696,"href":"https:\/\/agora.xtec.cat\/iesvilamajor\/wp-json\/wp\/v2\/posts\/3680\/revisions\/3696"}],"wp:featuredmedia":[{"embeddable":true,"href":"https:\/\/agora.xtec.cat\/iesvilamajor\/wp-json\/wp\/v2\/media\/3682"}],"wp:attachment":[{"href":"https:\/\/agora.xtec.cat\/iesvilamajor\/wp-json\/wp\/v2\/media?parent=3680"}],"wp:term":[{"taxonomy":"category","embeddable":true,"href":"https:\/\/agora.xtec.cat\/iesvilamajor\/wp-json\/wp\/v2\/categories?post=3680"},{"taxonomy":"post_tag","embeddable":true,"href":"https:\/\/agora.xtec.cat\/iesvilamajor\/wp-json\/wp\/v2\/tags?post=3680"}],"curies":[{"name":"wp","href":"https:\/\/api.w.org\/{rel}","templated":true}]}}