{"id":3628,"date":"2025-10-13T14:33:04","date_gmt":"2025-10-13T12:33:04","guid":{"rendered":"https:\/\/agora.xtec.cat\/iesvilamajor\/?p=3628"},"modified":"2025-10-13T14:33:16","modified_gmt":"2025-10-13T12:33:16","slug":"15_10_25","status":"publish","type":"post","link":"https:\/\/agora.xtec.cat\/iesvilamajor\/general\/15_10_25\/","title":{"rendered":"15_10_25"},"content":{"rendered":"<p><a href=\"https:\/\/agora.xtec.cat\/iesvilamajor\/wp-content\/uploads\/usu2625\/2025\/10\/web_cartellSE_gaza-15oct25_catalunya.jpg\"><img loading=\"lazy\" decoding=\"async\" class=\"alignnone size-full wp-image-3629\" src=\"https:\/\/agora.xtec.cat\/iesvilamajor\/wp-content\/uploads\/usu2625\/2025\/10\/web_cartellSE_gaza-15oct25_catalunya.jpg\" alt=\"\" width=\"300\" height=\"424\" srcset=\"https:\/\/agora.xtec.cat\/iesvilamajor\/wp-content\/uploads\/usu2625\/2025\/10\/web_cartellSE_gaza-15oct25_catalunya.jpg 300w, https:\/\/agora.xtec.cat\/iesvilamajor\/wp-content\/uploads\/usu2625\/2025\/10\/web_cartellSE_gaza-15oct25_catalunya-212x300.jpg 212w\" sizes=\"auto, (max-width: 300px) 100vw, 300px\" \/><\/a><\/p>\n<p>Us fem saber que l&#8217;alumnat del centre ha sol\u00b7licitat fer vaga el proper dimecres 15_10_25. Aquest dret est\u00e0 reconegut per la LEC i Decret 102\/2010, d\u2019autonomia dels centres educatius i afecta nom\u00e9s a l&#8217;alumnat de 3r i 4t d&#8217;ESO i al de Batxillerat. <strong>L&#8217;alumnat de 1r i 2n d&#8217;ESO no tenen dret a exercir la vaga d&#8217;acord a la legislaci\u00f3 esmentada.<\/strong><\/p>\n<p>La sol\u00b7licitud respon a una convocat\u00f2ria del\u00a0<a href=\"https:\/\/sindicatdestudiants.net\/\">sindicat d&#8217;estudiants<\/a>\u00a0i ha estat aprovada pel Consell Escolar seguint el protocol recollit a les normes d&#8217;organitzaci\u00f3 i funcionament de centre (NOFC).<\/p>\n<p>D&#8217;acord a l&#8217;esmentat protocol, l&#8217;alumnat que secundi la vaga el proper dijous tindr\u00e0 falta d&#8217;assist\u00e8ncia que podeu justificar les fam\u00edlies a trav\u00e9s de l&#8217;aplicaci\u00f3 iEduca.<\/p>\n<p>L&#8217;alumnat que no secundi la vaga pot assistir al centre amb total normalitat i disposar\u00e0 de l&#8217;atenci\u00f3 educativa del professorat.<\/p>\n","protected":false},"excerpt":{"rendered":"<p>Us fem saber que l&#8217;alumnat del centre ha sol\u00b7licitat fer vaga el proper dimecres 15_10_25. Aquest dret est\u00e0 reconegut per la LEC i Decret 102\/2010, d\u2019autonomia dels centres educatius i afecta nom\u00e9s a l&#8217;alumnat de 3r i 4t d&#8217;ESO i al de Batxillerat. L&#8217;alumnat de 1r i 2n d&#8217;ESO no tenen dret a exercir la [&hellip;]<\/p>\n","protected":false},"author":5,"featured_media":3629,"comment_status":"open","ping_status":"open","sticky":false,"template":"","format":"standard","meta":{"_bbp_topic_count":0,"_bbp_reply_count":0,"_bbp_total_topic_count":0,"_bbp_total_reply_count":0,"_bbp_voice_count":0,"_bbp_anonymous_reply_count":0,"_bbp_topic_count_hidden":0,"_bbp_reply_count_hidden":0,"_bbp_forum_subforum_count":0,"site-sidebar-layout":"default","site-content-layout":"","ast-site-content-layout":"default","site-content-style":"default","site-sidebar-style":"default","ast-global-header-display":"","ast-banner-title-visibility":"","ast-main-header-display":"","ast-hfb-above-header-display":"","ast-hfb-below-header-display":"","ast-hfb-mobile-header-display":"","site-post-title":"","ast-breadcrumbs-content":"","ast-featured-img":"","footer-sml-layout":"","theme-transparent-header-meta":"default","adv-header-id-meta":"","stick-header-meta":"","header-above-stick-meta":"","header-main-stick-meta":"","header-below-stick-meta":"","astra-migrate-meta-layouts":"set","ast-page-background-enabled":"default","ast-page-background-meta":{"desktop":{"background-color":"var(--ast-global-color-4)","background-image":"","background-repeat":"repeat","background-position":"center center","background-size":"auto","background-attachment":"scroll","background-type":"","background-media":"","overlay-type":"","overlay-color":"","overlay-opacity":"","overlay-gradient":""},"tablet":{"background-color":"","background-image":"","background-repeat":"repeat","background-position":"center center","background-size":"auto","background-attachment":"scroll","background-type":"","background-media":"","overlay-type":"","overlay-color":"","overlay-opacity":"","overlay-gradient":""},"mobile":{"background-color":"","background-image":"","background-repeat":"repeat","background-position":"center center","background-size":"auto","background-attachment":"scroll","background-type":"","background-media":"","overlay-type":"","overlay-color":"","overlay-opacity":"","overlay-gradient":""}},"ast-content-background-meta":{"desktop":{"background-color":"var(--ast-global-color-5)","background-image":"","background-repeat":"repeat","background-position":"center center","background-size":"auto","background-attachment":"scroll","background-type":"","background-media":"","overlay-type":"","overlay-color":"","overlay-opacity":"","overlay-gradient":""},"tablet":{"background-color":"var(--ast-global-color-5)","background-image":"","background-repeat":"repeat","background-position":"center center","background-size":"auto","background-attachment":"scroll","background-type":"","background-media":"","overlay-type":"","overlay-color":"","overlay-opacity":"","overlay-gradient":""},"mobile":{"background-color":"var(--ast-global-color-5)","background-image":"","background-repeat":"repeat","background-position":"center center","background-size":"auto","background-attachment":"scroll","background-type":"","background-media":"","overlay-type":"","overlay-color":"","overlay-opacity":"","overlay-gradient":""}},"footnotes":""},"categories":[1,29],"tags":[],"class_list":["post-3628","post","type-post","status-publish","format-standard","has-post-thumbnail","hentry","category-general","category-portada"],"post_mailing_queue_ids":[],"_links":{"self":[{"href":"https:\/\/agora.xtec.cat\/iesvilamajor\/wp-json\/wp\/v2\/posts\/3628","targetHints":{"allow":["GET"]}}],"collection":[{"href":"https:\/\/agora.xtec.cat\/iesvilamajor\/wp-json\/wp\/v2\/posts"}],"about":[{"href":"https:\/\/agora.xtec.cat\/iesvilamajor\/wp-json\/wp\/v2\/types\/post"}],"author":[{"embeddable":true,"href":"https:\/\/agora.xtec.cat\/iesvilamajor\/wp-json\/wp\/v2\/users\/5"}],"replies":[{"embeddable":true,"href":"https:\/\/agora.xtec.cat\/iesvilamajor\/wp-json\/wp\/v2\/comments?post=3628"}],"version-history":[{"count":1,"href":"https:\/\/agora.xtec.cat\/iesvilamajor\/wp-json\/wp\/v2\/posts\/3628\/revisions"}],"predecessor-version":[{"id":3630,"href":"https:\/\/agora.xtec.cat\/iesvilamajor\/wp-json\/wp\/v2\/posts\/3628\/revisions\/3630"}],"wp:featuredmedia":[{"embeddable":true,"href":"https:\/\/agora.xtec.cat\/iesvilamajor\/wp-json\/wp\/v2\/media\/3629"}],"wp:attachment":[{"href":"https:\/\/agora.xtec.cat\/iesvilamajor\/wp-json\/wp\/v2\/media?parent=3628"}],"wp:term":[{"taxonomy":"category","embeddable":true,"href":"https:\/\/agora.xtec.cat\/iesvilamajor\/wp-json\/wp\/v2\/categories?post=3628"},{"taxonomy":"post_tag","embeddable":true,"href":"https:\/\/agora.xtec.cat\/iesvilamajor\/wp-json\/wp\/v2\/tags?post=3628"}],"curies":[{"name":"wp","href":"https:\/\/api.w.org\/{rel}","templated":true}]}}