{"id":3607,"date":"2025-09-23T09:40:09","date_gmt":"2025-09-23T07:40:09","guid":{"rendered":"https:\/\/agora.xtec.cat\/iesvilamajor\/?p=3607"},"modified":"2025-09-23T09:44:52","modified_gmt":"2025-09-23T07:44:52","slug":"pla-de-digitalitzacio-responsable-guia-per-a-lacompanyament-de-les-families","status":"publish","type":"post","link":"https:\/\/agora.xtec.cat\/iesvilamajor\/general\/pla-de-digitalitzacio-responsable-guia-per-a-lacompanyament-de-les-families\/","title":{"rendered":"Pla de digitalitzaci\u00f3 responsable. Guia per a l&#8217;acompanyament de les fam\u00edlies."},"content":{"rendered":"<p><a href=\"https:\/\/agora.xtec.cat\/iesvilamajor\/wp-content\/uploads\/usu2625\/2025\/09\/Captura-de-pantalla-2025-09-23-093903.png\"><img loading=\"lazy\" decoding=\"async\" class=\"alignnone size-full wp-image-3608\" src=\"https:\/\/agora.xtec.cat\/iesvilamajor\/wp-content\/uploads\/usu2625\/2025\/09\/Captura-de-pantalla-2025-09-23-093903.png\" alt=\"\" width=\"589\" height=\"454\" srcset=\"https:\/\/agora.xtec.cat\/iesvilamajor\/wp-content\/uploads\/usu2625\/2025\/09\/Captura-de-pantalla-2025-09-23-093903.png 589w, https:\/\/agora.xtec.cat\/iesvilamajor\/wp-content\/uploads\/usu2625\/2025\/09\/Captura-de-pantalla-2025-09-23-093903-300x231.png 300w\" sizes=\"auto, (max-width: 589px) 100vw, 589px\" \/><\/a><\/p>\n<p>Quin acompanyament requereix un adolescent per iniciar-se saludablement en les xarxes socials i la digitalitzaci\u00f3? Aquesta guia et dotar\u00e0 de recursos i orientacions. Malgrat estigui adre\u00e7ada a educadors \u00e9s \u00fatil i recomanable per a les fam\u00edlies i tota la comunitat educativa.<\/p>\n<p><a href=\"http:\/\/chrome-extension:\/\/efaidnbmnnnibpcajpcglclefindmkaj\/https:\/\/educacio.gencat.cat\/web\/.content\/home\/departament\/linies-estrategiques\/pla-digitalitzacio-responsable\/guia-families.pdf\">ACCEDEIX A LA GUIA<\/a><\/p>\n<p>&nbsp;<\/p>\n","protected":false},"excerpt":{"rendered":"<p>Quin acompanyament requereix un adolescent per iniciar-se saludablement en les xarxes socials i la digitalitzaci\u00f3? Aquesta guia et dotar\u00e0 de recursos i orientacions. Malgrat estigui adre\u00e7ada a educadors \u00e9s \u00fatil i recomanable per a les fam\u00edlies i tota la comunitat educativa. ACCEDEIX A LA GUIA &nbsp;<\/p>\n","protected":false},"author":5,"featured_media":3608,"comment_status":"open","ping_status":"open","sticky":false,"template":"","format":"standard","meta":{"_bbp_topic_count":0,"_bbp_reply_count":0,"_bbp_total_topic_count":0,"_bbp_total_reply_count":0,"_bbp_voice_count":0,"_bbp_anonymous_reply_count":0,"_bbp_topic_count_hidden":0,"_bbp_reply_count_hidden":0,"_bbp_forum_subforum_count":0,"site-sidebar-layout":"default","site-content-layout":"","ast-site-content-layout":"default","site-content-style":"default","site-sidebar-style":"default","ast-global-header-display":"","ast-banner-title-visibility":"","ast-main-header-display":"","ast-hfb-above-header-display":"","ast-hfb-below-header-display":"","ast-hfb-mobile-header-display":"","site-post-title":"","ast-breadcrumbs-content":"","ast-featured-img":"","footer-sml-layout":"","theme-transparent-header-meta":"default","adv-header-id-meta":"","stick-header-meta":"","header-above-stick-meta":"","header-main-stick-meta":"","header-below-stick-meta":"","astra-migrate-meta-layouts":"set","ast-page-background-enabled":"default","ast-page-background-meta":{"desktop":{"background-color":"var(--ast-global-color-4)","background-image":"","background-repeat":"repeat","background-position":"center center","background-size":"auto","background-attachment":"scroll","background-type":"","background-media":"","overlay-type":"","overlay-color":"","overlay-opacity":"","overlay-gradient":""},"tablet":{"background-color":"","background-image":"","background-repeat":"repeat","background-position":"center center","background-size":"auto","background-attachment":"scroll","background-type":"","background-media":"","overlay-type":"","overlay-color":"","overlay-opacity":"","overlay-gradient":""},"mobile":{"background-color":"","background-image":"","background-repeat":"repeat","background-position":"center center","background-size":"auto","background-attachment":"scroll","background-type":"","background-media":"","overlay-type":"","overlay-color":"","overlay-opacity":"","overlay-gradient":""}},"ast-content-background-meta":{"desktop":{"background-color":"var(--ast-global-color-5)","background-image":"","background-repeat":"repeat","background-position":"center center","background-size":"auto","background-attachment":"scroll","background-type":"","background-media":"","overlay-type":"","overlay-color":"","overlay-opacity":"","overlay-gradient":""},"tablet":{"background-color":"var(--ast-global-color-5)","background-image":"","background-repeat":"repeat","background-position":"center center","background-size":"auto","background-attachment":"scroll","background-type":"","background-media":"","overlay-type":"","overlay-color":"","overlay-opacity":"","overlay-gradient":""},"mobile":{"background-color":"var(--ast-global-color-5)","background-image":"","background-repeat":"repeat","background-position":"center center","background-size":"auto","background-attachment":"scroll","background-type":"","background-media":"","overlay-type":"","overlay-color":"","overlay-opacity":"","overlay-gradient":""}},"footnotes":""},"categories":[1,29],"tags":[],"class_list":["post-3607","post","type-post","status-publish","format-standard","has-post-thumbnail","hentry","category-general","category-portada"],"post_mailing_queue_ids":[],"_links":{"self":[{"href":"https:\/\/agora.xtec.cat\/iesvilamajor\/wp-json\/wp\/v2\/posts\/3607","targetHints":{"allow":["GET"]}}],"collection":[{"href":"https:\/\/agora.xtec.cat\/iesvilamajor\/wp-json\/wp\/v2\/posts"}],"about":[{"href":"https:\/\/agora.xtec.cat\/iesvilamajor\/wp-json\/wp\/v2\/types\/post"}],"author":[{"embeddable":true,"href":"https:\/\/agora.xtec.cat\/iesvilamajor\/wp-json\/wp\/v2\/users\/5"}],"replies":[{"embeddable":true,"href":"https:\/\/agora.xtec.cat\/iesvilamajor\/wp-json\/wp\/v2\/comments?post=3607"}],"version-history":[{"count":4,"href":"https:\/\/agora.xtec.cat\/iesvilamajor\/wp-json\/wp\/v2\/posts\/3607\/revisions"}],"predecessor-version":[{"id":3612,"href":"https:\/\/agora.xtec.cat\/iesvilamajor\/wp-json\/wp\/v2\/posts\/3607\/revisions\/3612"}],"wp:featuredmedia":[{"embeddable":true,"href":"https:\/\/agora.xtec.cat\/iesvilamajor\/wp-json\/wp\/v2\/media\/3608"}],"wp:attachment":[{"href":"https:\/\/agora.xtec.cat\/iesvilamajor\/wp-json\/wp\/v2\/media?parent=3607"}],"wp:term":[{"taxonomy":"category","embeddable":true,"href":"https:\/\/agora.xtec.cat\/iesvilamajor\/wp-json\/wp\/v2\/categories?post=3607"},{"taxonomy":"post_tag","embeddable":true,"href":"https:\/\/agora.xtec.cat\/iesvilamajor\/wp-json\/wp\/v2\/tags?post=3607"}],"curies":[{"name":"wp","href":"https:\/\/api.w.org\/{rel}","templated":true}]}}