{"id":3595,"date":"2025-09-12T13:40:26","date_gmt":"2025-09-12T11:40:26","guid":{"rendered":"https:\/\/agora.xtec.cat\/iesvilamajor\/?p=3595"},"modified":"2025-09-12T13:44:50","modified_gmt":"2025-09-12T11:44:50","slug":"eva-alvarez-guanya-el-premi-ma-antonia-canals-2025","status":"publish","type":"post","link":"https:\/\/agora.xtec.cat\/iesvilamajor\/general\/eva-alvarez-guanya-el-premi-ma-antonia-canals-2025\/","title":{"rendered":"Eva \u00c0lvarez guanya el premi Ma Antonia Canals 2025"},"content":{"rendered":"<p>La professora Eva \u00c0lvarez ha estat reconeguda amb el <a href=\"https:\/\/feemcat.org\/premi-maria-antonia-canals-2025\/\">premi Ma Antonia Canals 2025<\/a> que organitza la federaci\u00f3 d&#8217;entitats per a l&#8217;ensenyament de les matem\u00e0tiques a Catalunya (FEEMCAT) per la situaci\u00f3 d&#8217;aprenentatge &#8220;Flors&#8221; de nivell 3r d&#8217;ESO.<\/p>\n<p>Enhorabona!<\/p>\n<p><a href=\"https:\/\/agora.xtec.cat\/iesvilamajor\/wp-content\/uploads\/usu2625\/2025\/09\/Screenshot-2025-09-10-at-11.36.31.png\"><img loading=\"lazy\" decoding=\"async\" class=\"alignnone size-large wp-image-3596\" src=\"https:\/\/agora.xtec.cat\/iesvilamajor\/wp-content\/uploads\/usu2625\/2025\/09\/Screenshot-2025-09-10-at-11.36.31-1024x694.png\" alt=\"\" width=\"1024\" height=\"694\" srcset=\"https:\/\/agora.xtec.cat\/iesvilamajor\/wp-content\/uploads\/usu2625\/2025\/09\/Screenshot-2025-09-10-at-11.36.31-1024x694.png 1024w, https:\/\/agora.xtec.cat\/iesvilamajor\/wp-content\/uploads\/usu2625\/2025\/09\/Screenshot-2025-09-10-at-11.36.31-300x203.png 300w, https:\/\/agora.xtec.cat\/iesvilamajor\/wp-content\/uploads\/usu2625\/2025\/09\/Screenshot-2025-09-10-at-11.36.31-768x520.png 768w, https:\/\/agora.xtec.cat\/iesvilamajor\/wp-content\/uploads\/usu2625\/2025\/09\/Screenshot-2025-09-10-at-11.36.31.png 1116w\" sizes=\"auto, (max-width: 1024px) 100vw, 1024px\" \/><\/a> <a href=\"https:\/\/agora.xtec.cat\/iesvilamajor\/wp-content\/uploads\/usu2625\/2025\/09\/Screenshot-2025-09-10-at-11.36.10.png\"><img loading=\"lazy\" decoding=\"async\" class=\"alignnone size-large wp-image-3597\" src=\"https:\/\/agora.xtec.cat\/iesvilamajor\/wp-content\/uploads\/usu2625\/2025\/09\/Screenshot-2025-09-10-at-11.36.10-1024x290.png\" alt=\"\" width=\"1024\" height=\"290\" srcset=\"https:\/\/agora.xtec.cat\/iesvilamajor\/wp-content\/uploads\/usu2625\/2025\/09\/Screenshot-2025-09-10-at-11.36.10-1024x290.png 1024w, https:\/\/agora.xtec.cat\/iesvilamajor\/wp-content\/uploads\/usu2625\/2025\/09\/Screenshot-2025-09-10-at-11.36.10-300x85.png 300w, https:\/\/agora.xtec.cat\/iesvilamajor\/wp-content\/uploads\/usu2625\/2025\/09\/Screenshot-2025-09-10-at-11.36.10-768x218.png 768w, https:\/\/agora.xtec.cat\/iesvilamajor\/wp-content\/uploads\/usu2625\/2025\/09\/Screenshot-2025-09-10-at-11.36.10-1536x435.png 1536w, https:\/\/agora.xtec.cat\/iesvilamajor\/wp-content\/uploads\/usu2625\/2025\/09\/Screenshot-2025-09-10-at-11.36.10.png 1638w\" sizes=\"auto, (max-width: 1024px) 100vw, 1024px\" \/><\/a> <a href=\"https:\/\/agora.xtec.cat\/iesvilamajor\/wp-content\/uploads\/usu2625\/2025\/09\/Screenshot-2025-09-10-at-11.35.42.png\"><img loading=\"lazy\" decoding=\"async\" class=\"alignnone size-large wp-image-3598\" src=\"https:\/\/agora.xtec.cat\/iesvilamajor\/wp-content\/uploads\/usu2625\/2025\/09\/Screenshot-2025-09-10-at-11.35.42-1024x229.png\" alt=\"\" width=\"1024\" height=\"229\" srcset=\"https:\/\/agora.xtec.cat\/iesvilamajor\/wp-content\/uploads\/usu2625\/2025\/09\/Screenshot-2025-09-10-at-11.35.42-1024x229.png 1024w, https:\/\/agora.xtec.cat\/iesvilamajor\/wp-content\/uploads\/usu2625\/2025\/09\/Screenshot-2025-09-10-at-11.35.42-300x67.png 300w, https:\/\/agora.xtec.cat\/iesvilamajor\/wp-content\/uploads\/usu2625\/2025\/09\/Screenshot-2025-09-10-at-11.35.42-768x172.png 768w, https:\/\/agora.xtec.cat\/iesvilamajor\/wp-content\/uploads\/usu2625\/2025\/09\/Screenshot-2025-09-10-at-11.35.42.png 1196w\" sizes=\"auto, (max-width: 1024px) 100vw, 1024px\" \/><\/a><\/p>\n","protected":false},"excerpt":{"rendered":"<p>La professora Eva \u00c0lvarez ha estat reconeguda amb el premi Ma Antonia Canals 2025 que organitza la federaci\u00f3 d&#8217;entitats per a l&#8217;ensenyament de les matem\u00e0tiques a Catalunya (FEEMCAT) per la situaci\u00f3 d&#8217;aprenentatge &#8220;Flors&#8221; de nivell 3r d&#8217;ESO. Enhorabona!<\/p>\n","protected":false},"author":5,"featured_media":3598,"comment_status":"open","ping_status":"open","sticky":false,"template":"","format":"standard","meta":{"_bbp_topic_count":0,"_bbp_reply_count":0,"_bbp_total_topic_count":0,"_bbp_total_reply_count":0,"_bbp_voice_count":0,"_bbp_anonymous_reply_count":0,"_bbp_topic_count_hidden":0,"_bbp_reply_count_hidden":0,"_bbp_forum_subforum_count":0,"site-sidebar-layout":"default","site-content-layout":"","ast-site-content-layout":"default","site-content-style":"default","site-sidebar-style":"default","ast-global-header-display":"","ast-banner-title-visibility":"","ast-main-header-display":"","ast-hfb-above-header-display":"","ast-hfb-below-header-display":"","ast-hfb-mobile-header-display":"","site-post-title":"","ast-breadcrumbs-content":"","ast-featured-img":"","footer-sml-layout":"","theme-transparent-header-meta":"default","adv-header-id-meta":"","stick-header-meta":"","header-above-stick-meta":"","header-main-stick-meta":"","header-below-stick-meta":"","astra-migrate-meta-layouts":"set","ast-page-background-enabled":"default","ast-page-background-meta":{"desktop":{"background-color":"var(--ast-global-color-4)","background-image":"","background-repeat":"repeat","background-position":"center center","background-size":"auto","background-attachment":"scroll","background-type":"","background-media":"","overlay-type":"","overlay-color":"","overlay-opacity":"","overlay-gradient":""},"tablet":{"background-color":"","background-image":"","background-repeat":"repeat","background-position":"center center","background-size":"auto","background-attachment":"scroll","background-type":"","background-media":"","overlay-type":"","overlay-color":"","overlay-opacity":"","overlay-gradient":""},"mobile":{"background-color":"","background-image":"","background-repeat":"repeat","background-position":"center center","background-size":"auto","background-attachment":"scroll","background-type":"","background-media":"","overlay-type":"","overlay-color":"","overlay-opacity":"","overlay-gradient":""}},"ast-content-background-meta":{"desktop":{"background-color":"var(--ast-global-color-5)","background-image":"","background-repeat":"repeat","background-position":"center center","background-size":"auto","background-attachment":"scroll","background-type":"","background-media":"","overlay-type":"","overlay-color":"","overlay-opacity":"","overlay-gradient":""},"tablet":{"background-color":"var(--ast-global-color-5)","background-image":"","background-repeat":"repeat","background-position":"center center","background-size":"auto","background-attachment":"scroll","background-type":"","background-media":"","overlay-type":"","overlay-color":"","overlay-opacity":"","overlay-gradient":""},"mobile":{"background-color":"var(--ast-global-color-5)","background-image":"","background-repeat":"repeat","background-position":"center center","background-size":"auto","background-attachment":"scroll","background-type":"","background-media":"","overlay-type":"","overlay-color":"","overlay-opacity":"","overlay-gradient":""}},"footnotes":""},"categories":[1,29],"tags":[],"class_list":["post-3595","post","type-post","status-publish","format-standard","has-post-thumbnail","hentry","category-general","category-portada"],"post_mailing_queue_ids":[],"_links":{"self":[{"href":"https:\/\/agora.xtec.cat\/iesvilamajor\/wp-json\/wp\/v2\/posts\/3595","targetHints":{"allow":["GET"]}}],"collection":[{"href":"https:\/\/agora.xtec.cat\/iesvilamajor\/wp-json\/wp\/v2\/posts"}],"about":[{"href":"https:\/\/agora.xtec.cat\/iesvilamajor\/wp-json\/wp\/v2\/types\/post"}],"author":[{"embeddable":true,"href":"https:\/\/agora.xtec.cat\/iesvilamajor\/wp-json\/wp\/v2\/users\/5"}],"replies":[{"embeddable":true,"href":"https:\/\/agora.xtec.cat\/iesvilamajor\/wp-json\/wp\/v2\/comments?post=3595"}],"version-history":[{"count":2,"href":"https:\/\/agora.xtec.cat\/iesvilamajor\/wp-json\/wp\/v2\/posts\/3595\/revisions"}],"predecessor-version":[{"id":3601,"href":"https:\/\/agora.xtec.cat\/iesvilamajor\/wp-json\/wp\/v2\/posts\/3595\/revisions\/3601"}],"wp:featuredmedia":[{"embeddable":true,"href":"https:\/\/agora.xtec.cat\/iesvilamajor\/wp-json\/wp\/v2\/media\/3598"}],"wp:attachment":[{"href":"https:\/\/agora.xtec.cat\/iesvilamajor\/wp-json\/wp\/v2\/media?parent=3595"}],"wp:term":[{"taxonomy":"category","embeddable":true,"href":"https:\/\/agora.xtec.cat\/iesvilamajor\/wp-json\/wp\/v2\/categories?post=3595"},{"taxonomy":"post_tag","embeddable":true,"href":"https:\/\/agora.xtec.cat\/iesvilamajor\/wp-json\/wp\/v2\/tags?post=3595"}],"curies":[{"name":"wp","href":"https:\/\/api.w.org\/{rel}","templated":true}]}}