{"id":3587,"date":"2025-09-09T11:12:00","date_gmt":"2025-09-09T09:12:00","guid":{"rendered":"https:\/\/agora.xtec.cat\/iesvilamajor\/?p=3587"},"modified":"2025-09-16T10:46:33","modified_gmt":"2025-09-16T08:46:33","slug":"ampa-i-ieduca-reunions-dinici-de-curs","status":"publish","type":"post","link":"https:\/\/agora.xtec.cat\/iesvilamajor\/general\/ampa-i-ieduca-reunions-dinici-de-curs\/","title":{"rendered":"AMPA i iEduca. Reunions d&#8217;inici de curs."},"content":{"rendered":"<p><a href=\"https:\/\/agora.xtec.cat\/iesvilamajor\/wp-content\/uploads\/usu2625\/2025\/09\/ieduca.png\"><img loading=\"lazy\" decoding=\"async\" class=\"alignnone wp-image-3588\" src=\"https:\/\/agora.xtec.cat\/iesvilamajor\/wp-content\/uploads\/usu2625\/2025\/09\/ieduca.png\" alt=\"\" width=\"146\" height=\"146\" srcset=\"https:\/\/agora.xtec.cat\/iesvilamajor\/wp-content\/uploads\/usu2625\/2025\/09\/ieduca.png 225w, https:\/\/agora.xtec.cat\/iesvilamajor\/wp-content\/uploads\/usu2625\/2025\/09\/ieduca-150x150.png 150w\" sizes=\"auto, (max-width: 146px) 100vw, 146px\" \/><\/a>\u00a0 \u00a0 <a href=\"https:\/\/agora.xtec.cat\/iesvilamajor\/wp-content\/uploads\/usu2625\/2025\/09\/LOGOMIDES.jpg\"><img loading=\"lazy\" decoding=\"async\" class=\"alignnone wp-image-3589\" src=\"https:\/\/agora.xtec.cat\/iesvilamajor\/wp-content\/uploads\/usu2625\/2025\/09\/LOGOMIDES-1024x527.jpg\" alt=\"\" width=\"284\" height=\"146\" srcset=\"https:\/\/agora.xtec.cat\/iesvilamajor\/wp-content\/uploads\/usu2625\/2025\/09\/LOGOMIDES-1024x527.jpg 1024w, https:\/\/agora.xtec.cat\/iesvilamajor\/wp-content\/uploads\/usu2625\/2025\/09\/LOGOMIDES-300x154.jpg 300w, https:\/\/agora.xtec.cat\/iesvilamajor\/wp-content\/uploads\/usu2625\/2025\/09\/LOGOMIDES-768x395.jpg 768w, https:\/\/agora.xtec.cat\/iesvilamajor\/wp-content\/uploads\/usu2625\/2025\/09\/LOGOMIDES.jpg 1348w\" sizes=\"auto, (max-width: 284px) 100vw, 284px\" \/><\/a><\/p>\n<p>Benvolgudes fam\u00edlies,<\/p>\n<p>Dilluns 15 de setembre a les 17:00h. Reuni\u00f3 telem\u00e0tica per tal de tractar els seg\u00fcents temes:<\/p>\n<ul>\n<li>Presentaci\u00f3 d&#8217;inici de curs de l&#8217;AMPA.<\/li>\n<li>Nova plataforma de comunicaci\u00f3 iEduca. Formaci\u00f3 per a les fam\u00edlies.<\/li>\n<\/ul>\n<p>Heu rebut l&#8217;enlla\u00e7 al vostre correu.<\/p>\n<p><a href=\"https:\/\/drive.google.com\/file\/d\/10quEOtnFbpz2z-EsiUDPj-bvVSIz7ell\/view?usp=sharing\">Presentaci\u00f3 de la reuni\u00f3<\/a><\/p>\n<p>&nbsp;<\/p>\n<p>Cordialment,<\/p>\n<p>L&#8217;Equip Directiu<\/p>\n","protected":false},"excerpt":{"rendered":"<p>\u00a0 \u00a0 Benvolgudes fam\u00edlies, Dilluns 15 de setembre a les 17:00h. Reuni\u00f3 telem\u00e0tica per tal de tractar els seg\u00fcents temes: Presentaci\u00f3 d&#8217;inici de curs de l&#8217;AMPA. Nova plataforma de comunicaci\u00f3 iEduca. Formaci\u00f3 per a les fam\u00edlies. Heu rebut l&#8217;enlla\u00e7 al vostre correu. Presentaci\u00f3 de la reuni\u00f3 &nbsp; Cordialment, L&#8217;Equip Directiu<\/p>\n","protected":false},"author":5,"featured_media":3588,"comment_status":"open","ping_status":"open","sticky":false,"template":"","format":"standard","meta":{"_bbp_topic_count":0,"_bbp_reply_count":0,"_bbp_total_topic_count":0,"_bbp_total_reply_count":0,"_bbp_voice_count":0,"_bbp_anonymous_reply_count":0,"_bbp_topic_count_hidden":0,"_bbp_reply_count_hidden":0,"_bbp_forum_subforum_count":0,"site-sidebar-layout":"default","site-content-layout":"","ast-site-content-layout":"default","site-content-style":"default","site-sidebar-style":"default","ast-global-header-display":"","ast-banner-title-visibility":"","ast-main-header-display":"","ast-hfb-above-header-display":"","ast-hfb-below-header-display":"","ast-hfb-mobile-header-display":"","site-post-title":"","ast-breadcrumbs-content":"","ast-featured-img":"","footer-sml-layout":"","theme-transparent-header-meta":"default","adv-header-id-meta":"","stick-header-meta":"","header-above-stick-meta":"","header-main-stick-meta":"","header-below-stick-meta":"","astra-migrate-meta-layouts":"set","ast-page-background-enabled":"default","ast-page-background-meta":{"desktop":{"background-color":"var(--ast-global-color-4)","background-image":"","background-repeat":"repeat","background-position":"center center","background-size":"auto","background-attachment":"scroll","background-type":"","background-media":"","overlay-type":"","overlay-color":"","overlay-opacity":"","overlay-gradient":""},"tablet":{"background-color":"","background-image":"","background-repeat":"repeat","background-position":"center center","background-size":"auto","background-attachment":"scroll","background-type":"","background-media":"","overlay-type":"","overlay-color":"","overlay-opacity":"","overlay-gradient":""},"mobile":{"background-color":"","background-image":"","background-repeat":"repeat","background-position":"center center","background-size":"auto","background-attachment":"scroll","background-type":"","background-media":"","overlay-type":"","overlay-color":"","overlay-opacity":"","overlay-gradient":""}},"ast-content-background-meta":{"desktop":{"background-color":"var(--ast-global-color-5)","background-image":"","background-repeat":"repeat","background-position":"center center","background-size":"auto","background-attachment":"scroll","background-type":"","background-media":"","overlay-type":"","overlay-color":"","overlay-opacity":"","overlay-gradient":""},"tablet":{"background-color":"var(--ast-global-color-5)","background-image":"","background-repeat":"repeat","background-position":"center center","background-size":"auto","background-attachment":"scroll","background-type":"","background-media":"","overlay-type":"","overlay-color":"","overlay-opacity":"","overlay-gradient":""},"mobile":{"background-color":"var(--ast-global-color-5)","background-image":"","background-repeat":"repeat","background-position":"center center","background-size":"auto","background-attachment":"scroll","background-type":"","background-media":"","overlay-type":"","overlay-color":"","overlay-opacity":"","overlay-gradient":""}},"footnotes":""},"categories":[1,29],"tags":[],"class_list":["post-3587","post","type-post","status-publish","format-standard","has-post-thumbnail","hentry","category-general","category-portada"],"post_mailing_queue_ids":[],"_links":{"self":[{"href":"https:\/\/agora.xtec.cat\/iesvilamajor\/wp-json\/wp\/v2\/posts\/3587","targetHints":{"allow":["GET"]}}],"collection":[{"href":"https:\/\/agora.xtec.cat\/iesvilamajor\/wp-json\/wp\/v2\/posts"}],"about":[{"href":"https:\/\/agora.xtec.cat\/iesvilamajor\/wp-json\/wp\/v2\/types\/post"}],"author":[{"embeddable":true,"href":"https:\/\/agora.xtec.cat\/iesvilamajor\/wp-json\/wp\/v2\/users\/5"}],"replies":[{"embeddable":true,"href":"https:\/\/agora.xtec.cat\/iesvilamajor\/wp-json\/wp\/v2\/comments?post=3587"}],"version-history":[{"count":2,"href":"https:\/\/agora.xtec.cat\/iesvilamajor\/wp-json\/wp\/v2\/posts\/3587\/revisions"}],"predecessor-version":[{"id":3605,"href":"https:\/\/agora.xtec.cat\/iesvilamajor\/wp-json\/wp\/v2\/posts\/3587\/revisions\/3605"}],"wp:featuredmedia":[{"embeddable":true,"href":"https:\/\/agora.xtec.cat\/iesvilamajor\/wp-json\/wp\/v2\/media\/3588"}],"wp:attachment":[{"href":"https:\/\/agora.xtec.cat\/iesvilamajor\/wp-json\/wp\/v2\/media?parent=3587"}],"wp:term":[{"taxonomy":"category","embeddable":true,"href":"https:\/\/agora.xtec.cat\/iesvilamajor\/wp-json\/wp\/v2\/categories?post=3587"},{"taxonomy":"post_tag","embeddable":true,"href":"https:\/\/agora.xtec.cat\/iesvilamajor\/wp-json\/wp\/v2\/tags?post=3587"}],"curies":[{"name":"wp","href":"https:\/\/api.w.org\/{rel}","templated":true}]}}